{"id":5783,"date":"2022-06-01T14:26:46","date_gmt":"2022-06-01T13:26:46","guid":{"rendered":"https:\/\/www.atoutloisir.com\/blog\/?p=5783"},"modified":"2026-03-04T14:27:17","modified_gmt":"2026-03-04T13:27:17","slug":"serre-de-jardin-laquelle-choisir-pour-son-jardin-potager","status":"publish","type":"post","link":"https:\/\/www.atoutloisir.com\/blog\/serre-de-jardin-laquelle-choisir-pour-son-jardin-potager\/","title":{"rendered":"Le potager sous serre de jardin"},"content":{"rendered":"<div class=\"page_article_summary\">\n<ul>\n<li><strong><a href=\"#choisir\">Choisir ma serre de jardin<\/a><\/strong>\n<ul>\n<li><strong><a href=\"#diff\u00e9rences\">La serre de jardin et la serre tunnel\u00a0: quelles diff\u00e9rences\u00a0?<\/a><\/strong><\/li>\n<li><strong><a href=\"#verres\">Une serre de jardin en verre tremp\u00e9, en verre horticole ou en polycarbonate\u00a0: quelles diff\u00e9rences\u00a0?<\/a><\/strong><\/li>\n<\/ul>\n<\/li>\n<\/ul>\n<ul>\n<li><strong><strong><a href=\"#dimensions\">Quelles dimensions pour ma serre de jardin\u00a0?<\/a><\/strong><\/strong>\n<ul>\n<li><strong><strong><a href=\"#hauteur\">La hauteur de ma serre de jardin<\/a><\/strong><\/strong><\/li>\n<\/ul>\n<\/li>\n<\/ul>\n<ul>\n<li><strong><a href=\"#installer\">O\u00f9 mettre ma serre de jardin ?<\/a><\/strong>\n<ul>\n<li><strong><a href=\"#eviterombre\">\u00c9viter l\u2019ombre pour le bien-\u00eatre des cultures<\/a><\/strong><\/li>\n<li><strong><a href=\"#orientation\">Choisir la bonne orientation pour ma serre<\/a><\/strong><\/li>\n<\/ul>\n<\/li>\n<\/ul>\n<\/div>\n<h2 id=\"choisir\">Choisir ma serre de jardin<\/h2>\n<p>Am\u00e9nager son <strong>jardin<\/strong> avec une serre c\u2019est la volont\u00e9 de bon nombre de <strong>jardiniers<\/strong>. Le pouvoir d\u2019y faire pousser et d\u2019entretenir <strong>plantes, arbustes, fruits et l\u00e9gumes<\/strong>. Il est \u00e9galement tout \u00e0 fait possible d\u2019y installer des outils de bricolages ou bien de se cr\u00e9er un espace de d\u00e9tente si la dimension le permet.<\/p>\n<p>&nbsp;<\/p>\n<h3 id=\"diff\u00e9rences\">La serre de jardin et la serre tunnel\u00a0: quelles diff\u00e9rences\u00a0?<\/h3>\n<p>Elles ont toutes les deux la m\u00eame fonction : celle d\u2019accueillir \u00e0 la plantation bon nombre de vari\u00e9t\u00e9s potag\u00e8res et\/ou des plantes, de les prot\u00e9ger de conditions climatiques rudes pour en faire un v\u00e9ritable lieu de culture. La <strong>distinction se fait plus dans l\u2019esth\u00e9tisme de la structure<\/strong>.<\/p>\n<h4>La serre de jardin\u00a0:<\/h4>\n<p><a href=\"https:\/\/www.atoutloisir.com\/769-serre-de-jardin-polycarbonate-verre-horticole-et-verre-trempe\"><img decoding=\"async\" class=\"alignright wp-image-5786\" src=\"https:\/\/www.atoutloisir.com\/blog\/wp-content\/uploads\/2022\/06\/F09580-Halls-Universal-128-black-with-3-mm-horti-glass-13-Copie-300x200.jpg\" alt=\"La serre de jardin horticole\" width=\"284\" height=\"189\" srcset=\"https:\/\/www.atoutloisir.com\/blog\/wp-content\/uploads\/2022\/06\/F09580-Halls-Universal-128-black-with-3-mm-horti-glass-13-Copie-300x200.jpg 300w, https:\/\/www.atoutloisir.com\/blog\/wp-content\/uploads\/2022\/06\/F09580-Halls-Universal-128-black-with-3-mm-horti-glass-13-Copie-1024x683.jpg 1024w, https:\/\/www.atoutloisir.com\/blog\/wp-content\/uploads\/2022\/06\/F09580-Halls-Universal-128-black-with-3-mm-horti-glass-13-Copie-768x513.jpg 768w, https:\/\/www.atoutloisir.com\/blog\/wp-content\/uploads\/2022\/06\/F09580-Halls-Universal-128-black-with-3-mm-horti-glass-13-Copie-1536x1025.jpg 1536w, https:\/\/www.atoutloisir.com\/blog\/wp-content\/uploads\/2022\/06\/F09580-Halls-Universal-128-black-with-3-mm-horti-glass-13-Copie-2048x1367.jpg 2048w, https:\/\/www.atoutloisir.com\/blog\/wp-content\/uploads\/2022\/06\/F09580-Halls-Universal-128-black-with-3-mm-horti-glass-13-Copie-345x230.jpg 345w, https:\/\/www.atoutloisir.com\/blog\/wp-content\/uploads\/2022\/06\/F09580-Halls-Universal-128-black-with-3-mm-horti-glass-13-Copie-111x74.jpg 111w\" sizes=\"(max-width: 284px) 100vw, 284px\" \/><\/a>Bloc de parois en verre \u00e9quip\u00e9 de fen\u00eatres, d\u2019une porte avec des finitions modernes\u00a0: c\u2019est une <strong>maisonnette pour le jardin<\/strong>.<\/p>\n<p>La particularit\u00e9 de la serre de jardin c\u2019est son <strong>esth\u00e9tisme<\/strong>. Elle a le pouvoir d\u2019\u00eatre moderne et d\u2019\u00eatre repr\u00e9sent\u00e9e par des <strong>\u00e9l\u00e9ments<\/strong> tr\u00e8s <strong>herm\u00e9tiques<\/strong> (parois, lucarnes, porte). De plus, les jardiniers aiment bien l\u2019am\u00e9nager pour y cr\u00e9er un <strong>univers de jardinage<\/strong>\u00a0: pots, <a href=\"https:\/\/www.atoutloisir.com\/accessoires-pour-serre-en-verre-trempe-ou-polycarbonate\/5982-kit-de-suspension-pour-serre-7290103121365.html\" >suspension<\/a>, <a href=\"https:\/\/www.atoutloisir.com\/accessoires-pour-serre-en-verre-trempe-ou-polycarbonate\/5984-doubles-etageres-pour-serre-de-jardin-763552402530.html\" >\u00e9tag\u00e8res<\/a>, parfois m\u00eame des coins de d\u00e9tente (lecture, bureau, transat) quand les dimensions le permettent. Il s\u2019agit d\u2019am\u00e9nager compl\u00e9tement la surface, qui devient un lieu de culture et un lieu de vie \u00e0 la fois.<\/p>\n<h4><\/h4>\n<h4>La serre tunnel\u00a0:<\/h4>\n<p><a href=\"https:\/\/www.atoutloisir.com\/900-serres-tunnel-deschamps\"><img decoding=\"async\" class=\"alignright wp-image-5787\" src=\"https:\/\/www.atoutloisir.com\/blog\/wp-content\/uploads\/2022\/06\/serre-tunnel-largeur-5-m-pas-a-1-5-m-pieds-droits-300x300.jpg\" alt=\"La serre tunnel\" width=\"142\" height=\"142\" srcset=\"https:\/\/www.atoutloisir.com\/blog\/wp-content\/uploads\/2022\/06\/serre-tunnel-largeur-5-m-pas-a-1-5-m-pieds-droits-300x300.jpg 300w, https:\/\/www.atoutloisir.com\/blog\/wp-content\/uploads\/2022\/06\/serre-tunnel-largeur-5-m-pas-a-1-5-m-pieds-droits-150x150.jpg 150w, https:\/\/www.atoutloisir.com\/blog\/wp-content\/uploads\/2022\/06\/serre-tunnel-largeur-5-m-pas-a-1-5-m-pieds-droits-230x230.jpg 230w, https:\/\/www.atoutloisir.com\/blog\/wp-content\/uploads\/2022\/06\/serre-tunnel-largeur-5-m-pas-a-1-5-m-pieds-droits-74x74.jpg 74w, https:\/\/www.atoutloisir.com\/blog\/wp-content\/uploads\/2022\/06\/serre-tunnel-largeur-5-m-pas-a-1-5-m-pieds-droits.jpg 600w\" sizes=\"(max-width: 142px) 100vw, 142px\" \/><\/a><\/p>\n<p>Quant \u00e0 la serre tunnel, elle est compos\u00e9e bien diff\u00e9remment : plusieurs arceaux forment l\u2019ossature, une b\u00e2che de couverture couvre le toit et une b\u00e2che pour les pignons s\u2019occupe de recouvrir les fa\u00e7ades. Cette fois-ci la <strong>structure recouvre une parcelle de culture en pleine terre<\/strong>.<\/p>\n<p>&nbsp;<\/p>\n<p>&nbsp;<\/p>\n<p>&nbsp;<\/p>\n<p>&nbsp;<\/p>\n<h3 id=\"verres\">Une serre de jardin en verre tremp\u00e9, en verre horticole ou en polycarbonate\u00a0: quelles diff\u00e9rences\u00a0?<\/h3>\n<p>Ce qui fait la distinction d\u2019une <strong>serre<\/strong> parmi les autres c\u2019est le <strong>verre<\/strong> <strong>utilis\u00e9<\/strong> \u00e0 la fabrication.<\/p>\n<p><u>Il existe 3 types de verre<\/u>\u00a0:<\/p>\n<ul>\n<li>Tremp\u00e9<\/li>\n<li>Polycarbonate<\/li>\n<li>Horticole<\/li>\n<\/ul>\n<div class=\"columns cols-3\">\n<div>\n<div class=\"shortcode_size presta_product_container\" style=\"float:none\"><a href=\"https:\/\/www.atoutloisir.com\/serres-en-verre-trempe\/7103-serre-en-verre-trempe-de-1290-m-3664746272113.html\" title=\"Serre en verre tremp\u00e9 Uranus - 12.90 m\u00b2\" target=\"_blank\"><div class=\"presta_product\"><div class=\"presta_product_content\"><div class=\"presta_product_img\" style=\"background-image: url(https:\/\/www.atoutloisir.com\/img\/p\/1\/4\/3\/0\/4\/2\/143042.jpg) \"><\/div><div class=\"presta_product_text\"><p class=\"presta_product_name\">Serre en verre tremp\u00e9 Uranus - 12.90 m\u00b2<\/p><p class=\"presta_product_price\">2 209,00\u20ac<\/p><\/div><div class=\"presta_products_informations\"><div class=\"presta_products_content\"><div class=\"info-plus\"><\/div><div class=\"info-text\"><p>Voir le <br \/>d\u00e9tail<\/p><\/div><\/div><\/div><\/div><\/div><\/a><\/div>\n<\/div>\n<div>\n<div class=\"shortcode_size presta_product_container\" style=\"float:none\"><a href=\"https:\/\/www.atoutloisir.com\/serres-en-verre-trempe\/6981-serre-en-verre-trempe-aloe-diana-9-70-3438617887054.html\" title=\"Serre en verre tremp\u00e9 Alo\u00e9 Diana - 9.70 m\u00b2\" target=\"_blank\"><div class=\"presta_product\"><div class=\"presta_product_content\"><div class=\"presta_product_img\" style=\"background-image: url(https:\/\/www.atoutloisir.com\/img\/p\/1\/4\/2\/6\/0\/6\/142606.jpg) \"><\/div><div class=\"presta_product_text\"><p class=\"presta_product_name\">Serre en verre tremp\u00e9 Alo\u00e9 Diana - 9.70 m\u00b2<\/p><p class=\"presta_product_price\">2 126,00\u20ac<\/p><\/div><div class=\"presta_products_informations\"><div class=\"presta_products_content\"><div class=\"info-plus\"><\/div><div class=\"info-text\"><p>Voir le <br \/>d\u00e9tail<\/p><\/div><\/div><\/div><\/div><\/div><\/a><\/div>\n<\/div>\n<div>\n<div class=\"shortcode_size presta_product_container\" style=\"float:none\"><a href=\"https:\/\/www.atoutloisir.com\/serres-en-verre-trempe\/6975-serre-en-verre-trempe-carvi-810-3664746219521.html\" title=\"Serre en verre tremp\u00e9 Carvi - 8.10 m\u00b2\" target=\"_blank\"><div class=\"presta_product\"><div class=\"presta_product_content\"><div class=\"presta_product_img\" style=\"background-image: url(https:\/\/www.atoutloisir.com\/img\/p\/1\/4\/2\/5\/7\/5\/142575.jpg) \"><\/div><div class=\"presta_product_text\"><p class=\"presta_product_name\">Serre en verre tremp\u00e9 Carvi - 8.10 m\u00b2<\/p><p class=\"presta_product_price\">1 464,00\u20ac<\/p><\/div><div class=\"presta_products_informations\"><div class=\"presta_products_content\"><div class=\"info-plus\"><\/div><div class=\"info-text\"><p>Voir le <br \/>d\u00e9tail<\/p><\/div><\/div><\/div><\/div><\/div><\/a><\/div>\n<\/div>\n<\/div>\n<p>&nbsp;<\/p>\n<p>Au-del\u00e0 d\u2019avoir la m\u00eame fonction, ces verres sont diff\u00e9rents\u00a0:<\/p>\n<ul>\n<li><strong><u>Le verre tremp\u00e9<\/u><\/strong>: durabilit\u00e9 importante, excellente clart\u00e9 et isolation. Le verre laisse passer la luminosit\u00e9 \u00e0 hauteur de 90%, il ne s\u2019alt\u00e8re pas et il ne se d\u00e9colore pas avec le temps et conserve la chaleur \u00e0 l\u2019int\u00e9rieur.<\/li>\n<li><strong><u>Le panneau polycarbonate<\/u><\/strong>: <a href=\"https:\/\/www.atoutloisir.com\/blog\/serre-de-jardin-en-polycarbonate-choix-durable\/\" >quasi incassable<\/a>, plus solide que le verre tremp\u00e9, excellente isolation thermique et r\u00e9sistant aux chocs.<\/li>\n<li><strong><u>Le verre horticole<\/u><\/strong>: forte transparence (la plus \u00e9lev\u00e9e parmi les 3 verres), meilleur \u00e9clairage, laisse p\u00e9n\u00e9trer 90% des rayons lumineux et stop les UV.<\/li>\n<\/ul>\n<p>&nbsp;<\/p>\n<p>&nbsp;<\/p>\n<h2 id=\"dimensions\">Quelles dimensions pour ma serre de jardin\u00a0?<\/h2>\n<p>Nous proposons des serres de jardin avec de nombreuses surfaces. Allant de la <a href=\"https:\/\/www.atoutloisir.com\/serres-adossees\/6433-serre-adossee-verre-trempe-ida-900-3664746154051.html\" ><strong>serre adoss\u00e9e<\/strong> petit format<\/a> \u00e0 la serre avec un volume imposant, il y en a pour tous les go\u00fbts. Puis, cela d\u00e9pend \u00e9galement de la taille du jardin et de l\u2019espace que vous souhaitez allouer.<\/p>\n<ul>\n<li>L\u2019avantage d\u2019une petite serre de jardin c\u2019est qu\u2019elle ne prend pas de place et son prix est plus faible.<\/li>\n<li>L\u2019avantage d\u2019une grande serre de jardin c\u2019est qu\u2019elle est spacieuse, vous y plantez et cueilliez tout ce que vous voulez. Il est possible de l\u2019am\u00e9nager et son rapport qualit\u00e9-prix est g\u00e9n\u00e9ralement tr\u00e8s attractif.<\/li>\n<\/ul>\n<p>&nbsp;<\/p>\n<h3 id=\"hauteur\">La hauteur de ma serre de jardin<\/h3>\n<p>Acheter une serre de jardin avec une <strong>grande hauteur sous fa\u00eetage<\/strong> est pr\u00e9conis\u00e9 pour deux raisons principales\u00a0:<\/p>\n<div class=\"columns cols-2\">\n<div>\n<ul>\n<li>Vous avez la possibilit\u00e9 de <strong>planter et d\u2019accrocher des plants hauts<\/strong>, qui prennent de la place et qui ont besoin d\u2019espace pour pousser (exemple avec les tomates, haricots, concombres). Il est utile d&rsquo;utiliser des tuteurs ainsi que des<a href=\"https:\/\/www.atoutloisir.com\/645-clips-potager\"> accroches pour tomates<\/a> afin de garder les plants droit et en bonne sant\u00e9.<\/li>\n<\/ul>\n<\/div>\n<div>\n<ul>\n<li>Vous \u00eates beaucoup plus <strong>libre dans vos mouvements<\/strong>, vous bougez ais\u00e9ment sans avoir le dos recroquevill\u00e9.<\/li>\n<\/ul>\n<\/div>\n<\/div>\n<div class=\"columns cols-2\"><\/div>\n<p>&nbsp;<\/p>\n<h2 id=\"installer\">O\u00f9 mettre ma serre de jardin ?<\/h2>\n<p>Il est primordial de bien choisir son emplacement. <strong>Orient\u00e9e c\u00f4t\u00e9 sud<\/strong> les cultures profiteront d\u2019un <strong>meilleur ensoleillement<\/strong> quelle que soit les p\u00e9riodes de l\u2019ann\u00e9e.<\/p>\n<h3><\/h3>\n<h3 id=\"eviterombre\">\u00c9viter l\u2019ombre pour le bien-\u00eatre des cultures<\/h3>\n<p><img decoding=\"async\" class=\"alignleft wp-image-5789\" src=\"https:\/\/www.atoutloisir.com\/blog\/wp-content\/uploads\/2022\/06\/iStock-490639536-300x195.jpg\" alt=\"Favoriser l'ensoleillement sur la serre de jardin\" width=\"263\" height=\"171\" srcset=\"https:\/\/www.atoutloisir.com\/blog\/wp-content\/uploads\/2022\/06\/iStock-490639536-300x195.jpg 300w, https:\/\/www.atoutloisir.com\/blog\/wp-content\/uploads\/2022\/06\/iStock-490639536-354x230.jpg 354w, https:\/\/www.atoutloisir.com\/blog\/wp-content\/uploads\/2022\/06\/iStock-490639536-114x74.jpg 114w, https:\/\/www.atoutloisir.com\/blog\/wp-content\/uploads\/2022\/06\/iStock-490639536.jpg 732w\" sizes=\"(max-width: 263px) 100vw, 263px\" \/><\/p>\n<p>Dans un premier temps, il faut au maximum <strong>\u00e9viter de placer<\/strong> sa serre de jardin <strong>\u00e0 l\u2019ombre<\/strong> des arbres, des arbustes, de cl\u00f4tures ou de tout autre am\u00e9nagement qui causerait trop d\u2019ombre sur la serre. Il faut savoir que l\u2019ensoleillement est un facteur primordial au bon d\u00e9veloppement de vos plantations donc c\u2019est conseill\u00e9 de le maximiser.<\/p>\n<p>Par contre, et c\u2019est primordial de le retenir, <strong>si vous habitez dans une zone o\u00f9 il fait chaud<\/strong> r\u00e9guli\u00e8rement et que les <a href=\"https:\/\/www.atoutloisir.com\/blog\/la-temperature-sous-serre-de-jardin-bien-la-maitriser-en-ete-et-en-hiver\/\" >temp\u00e9ratures<\/a> en ext\u00e9rieurs grimpent relativement vite l\u2019\u00e9t\u00e9, veillez tout de m\u00eame \u00e0 <strong>conserver une zone d\u2019ombrage<\/strong> pour \u00e9viter que la chaleur soit \u00e9touffante sous serre.<\/p>\n<p>En plein \u00e9t\u00e9 celles-ci peuvent grimper jusqu\u2019\u00e0 45-50\u00b0 donc faites attention \u00e0 la surchauffe\u00a0!<\/p>\n<p style=\"border-radius: 15px; padding: 20px 20px 20px 60px; background-color: #f8f8f8;\"><strong><span style=\"color: #7dbe30;\">Dans ce cas de figure, nous vous conseillons de placer la serre proche de quelques branches en surplomb afin de se camoufler de quelques rayons lumineux.<\/span><\/strong><\/p>\n<p>&nbsp;<\/p>\n<h3><\/h3>\n<h3 id=\"orientation\">Choisir la bonne orientation pour ma serre<\/h3>\n<p>L\u2019orientation d\u2019une serre varie selon deux facteurs\u00a0: de la <strong>r\u00e9gion habit\u00e9e<\/strong> et des <strong>objectifs de culture<\/strong>.<\/p>\n<p><img decoding=\"async\" class=\"alignright wp-image-5790 size-medium\" src=\"https:\/\/www.atoutloisir.com\/blog\/wp-content\/uploads\/2022\/06\/orientation-serre-300x160.jpg\" alt=\"L'orientation d'une serre de jardin\" width=\"300\" height=\"160\" srcset=\"https:\/\/www.atoutloisir.com\/blog\/wp-content\/uploads\/2022\/06\/orientation-serre-300x160.jpg 300w, https:\/\/www.atoutloisir.com\/blog\/wp-content\/uploads\/2022\/06\/orientation-serre-383x205.jpg 383w, https:\/\/www.atoutloisir.com\/blog\/wp-content\/uploads\/2022\/06\/orientation-serre-123x66.jpg 123w, https:\/\/www.atoutloisir.com\/blog\/wp-content\/uploads\/2022\/06\/orientation-serre.jpg 500w\" sizes=\"(max-width: 300px) 100vw, 300px\" \/><\/p>\n<p><u>Pour les zones o\u00f9 l\u2019exposition au soleil est faible<\/u>\u00a0: privil\u00e9giez une orientation des grands c\u00f4t\u00e9s (longueur de la serre) vers le <strong>Nord<\/strong> et le <strong>Sud<\/strong>. Cela permet de b\u00e9n\u00e9ficier au maximum des rayons du soleil pendant les heures les plus chaudes de la journ\u00e9e.<\/p>\n<p><u>Pour les zones o\u00f9 l\u2019exposition au soleil est \u00e9lev\u00e9e<\/u> : privil\u00e9giez une orientation des grands c\u00f4t\u00e9s vers <strong>l\u2019Ouest<\/strong> et <strong>l\u2019Est<\/strong>. Cela \u00e9vite\u00a0une trop forte exposition au soleil pendant les heures les plus chaudes de la journ\u00e9e. Et cette orientation permet aussi de profiter des premiers et des derniers rayons du soleil.<\/p>\n<h4><\/h4>\n<h4>Privil\u00e9gier une zone peu expos\u00e9e au vent<\/h4>\n<p>Le vent peut avoir des cons\u00e9quences non n\u00e9gligeables sur une <strong>serre de jardin<\/strong>. Tout d\u2019abord, s\u2019il y a de fortes bourrasques, des \u00e9l\u00e9ments de la serre peuvent \u00eatre arrach\u00e9s. Pour \u00e9viter que le vent s&rsquo;engouffre, pensez tout d\u2019abord \u00e0 bien <strong>fermer fen\u00eatres et portes<\/strong>.<\/p>\n<p>L\u2019id\u00e9al est de positionner la porte de la serre sur le c\u00f4t\u00e9 o\u00f9 le vent est le moins puissant.<\/p>\n<p>Pour les serres adoss\u00e9es au mur de la maison, il faut de pr\u00e9f\u00e9rence l\u2019orienter au Sud afin de profiter \u00e0 la fois de la chaleur ext\u00e9rieure et de la protection du b\u00e2timent en cas de gros coups de vents.<\/p>\n<p style=\"border-radius: 15px; padding: 20px 20px 20px 60px; background-color: #f8f8f8;\"><strong><span style=\"color: #7dbe30;\">Il est conseill\u00e9 de disposer la serre de jardin sur une zone aplanie avec une embase pour une fixation solide et durable. De plus, cela pr\u00e9vient des risques de d\u00e9formation du verre ou de casse.<\/span><\/strong><\/p>\n<h4>Objectifs de culture<\/h4>\n<p>Les besoins que vous avez en culture interviennent \u00e9galement dans le choix de l\u2019orientation de la serre.<\/p>\n<p><strong><a href=\"https:\/\/au-potager-bio.com\/8-fruits-et-legumes-a-cultiver-sous-serre\/\" >Cultiver des l\u00e9gumes<\/a> de l\u2019\u00e9t\u00e9 \u00e0 l\u2019automne<\/strong>, cela demande d\u2019orienter sa serre de jardin direction <strong>Nord-Sud<\/strong>. Cela permet de rapidement r\u00e9chauffer la serre d\u00e8s les premiers rayons du soleil et ce jusqu\u2019\u00e0 ce que ce dernier se couche.<\/p>\n<p><strong>Pour hiverner des plantes ou faire pousser des l\u00e9gumes entre l\u2019hiver et le printemps<\/strong>, cette fois ci il faudra orienter la serre de jardin direction <strong>Est-Ouest<\/strong> pour profiter au maximum des rayons du soleil qui sont bas \u00e0 cette p\u00e9riode.<\/p>\n","protected":false},"excerpt":{"rendered":"<p>La serre de jardin est un lieu id\u00e9al pour cultiver fruits et l\u00e9gumes de nombreuses vari\u00e9t\u00e9s. Et c\u2019est pourquoi, beaucoup de jardiniers souhaitent s\u2019en procurer une. Mais alors, laquelle faut-il choisir ?<\/p>\n","protected":false},"author":9,"featured_media":5821,"comment_status":"open","ping_status":"open","sticky":false,"template":"","format":"standard","meta":{"footnotes":""},"categories":[9,10],"tags":[],"acf":[],"yoast_head":"<!-- This site is optimized with the Yoast SEO plugin v20.4 - https:\/\/yoast.com\/wordpress\/plugins\/seo\/ -->\n<title>Serre de jardin : laquelle choisir pour son jardin potager ?<\/title>\n<meta name=\"description\" content=\"Suivez notre guide conseil afin de choisir la serre de jardin qu\u2019il vous faut tout en \u00e9tant parfaitement adapt\u00e9 \u00e0 son jardin !\" \/>\n<meta name=\"robots\" content=\"index, follow, max-snippet:-1, max-image-preview:large, max-video-preview:-1\" \/>\n<link rel=\"canonical\" href=\"https:\/\/www.atoutloisir.com\/blog\/serre-de-jardin-laquelle-choisir-pour-son-jardin-potager\/\" \/>\n<meta property=\"og:locale\" content=\"fr_FR\" \/>\n<meta property=\"og:type\" content=\"article\" \/>\n<meta property=\"og:title\" content=\"Serre de jardin : laquelle choisir pour son jardin potager ?\" \/>\n<meta property=\"og:description\" content=\"Suivez notre guide conseil afin de choisir la serre de jardin qu\u2019il vous faut tout en \u00e9tant parfaitement adapt\u00e9 \u00e0 son jardin !\" \/>\n<meta property=\"og:url\" content=\"https:\/\/www.atoutloisir.com\/blog\/serre-de-jardin-laquelle-choisir-pour-son-jardin-potager\/\" \/>\n<meta property=\"og:site_name\" content=\"Atout Loisir\" \/>\n<meta property=\"article:publisher\" content=\"https:\/\/www.facebook.com\/atoutloisir\/\" \/>\n<meta property=\"article:published_time\" content=\"2022-06-01T13:26:46+00:00\" \/>\n<meta property=\"article:modified_time\" content=\"2026-03-04T13:27:17+00:00\" \/>\n<meta property=\"og:image\" content=\"https:\/\/www.atoutloisir.com\/blog\/wp-content\/uploads\/2022\/06\/serre-de-jardin-grande-oasis-13-m2-verre-trempe-h-286-m-e1654089697943.jpg\" \/>\n\t<meta property=\"og:image:width\" content=\"525\" \/>\n\t<meta property=\"og:image:height\" content=\"525\" \/>\n\t<meta property=\"og:image:type\" content=\"image\/jpeg\" \/>\n<meta name=\"author\" content=\"Anais\" \/>\n<meta name=\"twitter:card\" content=\"summary_large_image\" \/>\n<meta name=\"twitter:label1\" content=\"\u00c9crit par\" \/>\n\t<meta name=\"twitter:data1\" content=\"Anais\" \/>\n\t<meta name=\"twitter:label2\" content=\"Dur\u00e9e de lecture estim\u00e9e\" \/>\n\t<meta name=\"twitter:data2\" content=\"7 minutes\" \/>\n<script type=\"application\/ld+json\" class=\"yoast-schema-graph\">{\"@context\":\"https:\/\/schema.org\",\"@graph\":[{\"@type\":\"Article\",\"@id\":\"https:\/\/www.atoutloisir.com\/blog\/serre-de-jardin-laquelle-choisir-pour-son-jardin-potager\/#article\",\"isPartOf\":{\"@id\":\"https:\/\/www.atoutloisir.com\/blog\/serre-de-jardin-laquelle-choisir-pour-son-jardin-potager\/\"},\"author\":{\"name\":\"Anais\",\"@id\":\"https:\/\/www.atoutloisir.com\/blog\/#\/schema\/person\/bc7618aa216476fa7344e7dcec065093\"},\"headline\":\"Le potager sous serre de jardin\",\"datePublished\":\"2022-06-01T13:26:46+00:00\",\"dateModified\":\"2026-03-04T13:27:17+00:00\",\"mainEntityOfPage\":{\"@id\":\"https:\/\/www.atoutloisir.com\/blog\/serre-de-jardin-laquelle-choisir-pour-son-jardin-potager\/\"},\"wordCount\":1380,\"commentCount\":0,\"publisher\":{\"@id\":\"https:\/\/www.atoutloisir.com\/blog\/#organization\"},\"articleSection\":[\"Am\u00e9nager son jardin\",\"Cultiver sous serre\"],\"inLanguage\":\"fr-FR\",\"potentialAction\":[{\"@type\":\"CommentAction\",\"name\":\"Comment\",\"target\":[\"https:\/\/www.atoutloisir.com\/blog\/serre-de-jardin-laquelle-choisir-pour-son-jardin-potager\/#respond\"]}]},{\"@type\":\"WebPage\",\"@id\":\"https:\/\/www.atoutloisir.com\/blog\/serre-de-jardin-laquelle-choisir-pour-son-jardin-potager\/\",\"url\":\"https:\/\/www.atoutloisir.com\/blog\/serre-de-jardin-laquelle-choisir-pour-son-jardin-potager\/\",\"name\":\"Serre de jardin : laquelle choisir pour son jardin potager ?\",\"isPartOf\":{\"@id\":\"https:\/\/www.atoutloisir.com\/blog\/#website\"},\"datePublished\":\"2022-06-01T13:26:46+00:00\",\"dateModified\":\"2026-03-04T13:27:17+00:00\",\"description\":\"Suivez notre guide conseil afin de choisir la serre de jardin qu\u2019il vous faut tout en \u00e9tant parfaitement adapt\u00e9 \u00e0 son jardin !\",\"breadcrumb\":{\"@id\":\"https:\/\/www.atoutloisir.com\/blog\/serre-de-jardin-laquelle-choisir-pour-son-jardin-potager\/#breadcrumb\"},\"inLanguage\":\"fr-FR\",\"potentialAction\":[{\"@type\":\"ReadAction\",\"target\":[\"https:\/\/www.atoutloisir.com\/blog\/serre-de-jardin-laquelle-choisir-pour-son-jardin-potager\/\"]}]},{\"@type\":\"BreadcrumbList\",\"@id\":\"https:\/\/www.atoutloisir.com\/blog\/serre-de-jardin-laquelle-choisir-pour-son-jardin-potager\/#breadcrumb\",\"itemListElement\":[{\"@type\":\"ListItem\",\"position\":1,\"name\":\"Accueil\",\"item\":\"https:\/\/www.atoutloisir.com\/blog\/\"},{\"@type\":\"ListItem\",\"position\":2,\"name\":\"Le potager sous serre de jardin\"}]},{\"@type\":\"WebSite\",\"@id\":\"https:\/\/www.atoutloisir.com\/blog\/#website\",\"url\":\"https:\/\/www.atoutloisir.com\/blog\/\",\"name\":\"Atout Loisir\",\"description\":\"Vente de mat\u00e9riel de jardinage proposant un grand choix d&#039;abris tunnel, de serres de b\u00e2ches et d&#039;outils pour arroser et entretenir votre jardin.\",\"publisher\":{\"@id\":\"https:\/\/www.atoutloisir.com\/blog\/#organization\"},\"potentialAction\":[{\"@type\":\"SearchAction\",\"target\":{\"@type\":\"EntryPoint\",\"urlTemplate\":\"https:\/\/www.atoutloisir.com\/blog\/?s={search_term_string}\"},\"query-input\":\"required name=search_term_string\"}],\"inLanguage\":\"fr-FR\"},{\"@type\":\"Organization\",\"@id\":\"https:\/\/www.atoutloisir.com\/blog\/#organization\",\"name\":\"Atout Loisir\",\"url\":\"https:\/\/www.atoutloisir.com\/blog\/\",\"logo\":{\"@type\":\"ImageObject\",\"inLanguage\":\"fr-FR\",\"@id\":\"https:\/\/www.atoutloisir.com\/blog\/#\/schema\/logo\/image\/\",\"url\":\"https:\/\/www.atoutloisir.com\/blog\/wp-content\/uploads\/2018\/03\/atoutloisir-logo-1458121127.jpg\",\"contentUrl\":\"https:\/\/www.atoutloisir.com\/blog\/wp-content\/uploads\/2018\/03\/atoutloisir-logo-1458121127.jpg\",\"width\":337,\"height\":58,\"caption\":\"Atout Loisir\"},\"image\":{\"@id\":\"https:\/\/www.atoutloisir.com\/blog\/#\/schema\/logo\/image\/\"},\"sameAs\":[\"https:\/\/www.facebook.com\/atoutloisir\/\"]},{\"@type\":\"Person\",\"@id\":\"https:\/\/www.atoutloisir.com\/blog\/#\/schema\/person\/bc7618aa216476fa7344e7dcec065093\",\"name\":\"Anais\",\"sameAs\":[\"http:\/\/mege@webstrategies.fr\"]}]}<\/script>\n<!-- \/ Yoast SEO plugin. -->","yoast_head_json":{"title":"Serre de jardin : laquelle choisir pour son jardin potager ?","description":"Suivez notre guide conseil afin de choisir la serre de jardin qu\u2019il vous faut tout en \u00e9tant parfaitement adapt\u00e9 \u00e0 son jardin !","robots":{"index":"index","follow":"follow","max-snippet":"max-snippet:-1","max-image-preview":"max-image-preview:large","max-video-preview":"max-video-preview:-1"},"canonical":"https:\/\/www.atoutloisir.com\/blog\/serre-de-jardin-laquelle-choisir-pour-son-jardin-potager\/","og_locale":"fr_FR","og_type":"article","og_title":"Serre de jardin : laquelle choisir pour son jardin potager ?","og_description":"Suivez notre guide conseil afin de choisir la serre de jardin qu\u2019il vous faut tout en \u00e9tant parfaitement adapt\u00e9 \u00e0 son jardin !","og_url":"https:\/\/www.atoutloisir.com\/blog\/serre-de-jardin-laquelle-choisir-pour-son-jardin-potager\/","og_site_name":"Atout Loisir","article_publisher":"https:\/\/www.facebook.com\/atoutloisir\/","article_published_time":"2022-06-01T13:26:46+00:00","article_modified_time":"2026-03-04T13:27:17+00:00","og_image":[{"width":525,"height":525,"url":"https:\/\/www.atoutloisir.com\/blog\/wp-content\/uploads\/2022\/06\/serre-de-jardin-grande-oasis-13-m2-verre-trempe-h-286-m-e1654089697943.jpg","type":"image\/jpeg"}],"author":"Anais","twitter_card":"summary_large_image","twitter_misc":{"\u00c9crit par":"Anais","Dur\u00e9e de lecture estim\u00e9e":"7 minutes"},"schema":{"@context":"https:\/\/schema.org","@graph":[{"@type":"Article","@id":"https:\/\/www.atoutloisir.com\/blog\/serre-de-jardin-laquelle-choisir-pour-son-jardin-potager\/#article","isPartOf":{"@id":"https:\/\/www.atoutloisir.com\/blog\/serre-de-jardin-laquelle-choisir-pour-son-jardin-potager\/"},"author":{"name":"Anais","@id":"https:\/\/www.atoutloisir.com\/blog\/#\/schema\/person\/bc7618aa216476fa7344e7dcec065093"},"headline":"Le potager sous serre de jardin","datePublished":"2022-06-01T13:26:46+00:00","dateModified":"2026-03-04T13:27:17+00:00","mainEntityOfPage":{"@id":"https:\/\/www.atoutloisir.com\/blog\/serre-de-jardin-laquelle-choisir-pour-son-jardin-potager\/"},"wordCount":1380,"commentCount":0,"publisher":{"@id":"https:\/\/www.atoutloisir.com\/blog\/#organization"},"articleSection":["Am\u00e9nager son jardin","Cultiver sous serre"],"inLanguage":"fr-FR","potentialAction":[{"@type":"CommentAction","name":"Comment","target":["https:\/\/www.atoutloisir.com\/blog\/serre-de-jardin-laquelle-choisir-pour-son-jardin-potager\/#respond"]}]},{"@type":"WebPage","@id":"https:\/\/www.atoutloisir.com\/blog\/serre-de-jardin-laquelle-choisir-pour-son-jardin-potager\/","url":"https:\/\/www.atoutloisir.com\/blog\/serre-de-jardin-laquelle-choisir-pour-son-jardin-potager\/","name":"Serre de jardin : laquelle choisir pour son jardin potager ?","isPartOf":{"@id":"https:\/\/www.atoutloisir.com\/blog\/#website"},"datePublished":"2022-06-01T13:26:46+00:00","dateModified":"2026-03-04T13:27:17+00:00","description":"Suivez notre guide conseil afin de choisir la serre de jardin qu\u2019il vous faut tout en \u00e9tant parfaitement adapt\u00e9 \u00e0 son jardin !","breadcrumb":{"@id":"https:\/\/www.atoutloisir.com\/blog\/serre-de-jardin-laquelle-choisir-pour-son-jardin-potager\/#breadcrumb"},"inLanguage":"fr-FR","potentialAction":[{"@type":"ReadAction","target":["https:\/\/www.atoutloisir.com\/blog\/serre-de-jardin-laquelle-choisir-pour-son-jardin-potager\/"]}]},{"@type":"BreadcrumbList","@id":"https:\/\/www.atoutloisir.com\/blog\/serre-de-jardin-laquelle-choisir-pour-son-jardin-potager\/#breadcrumb","itemListElement":[{"@type":"ListItem","position":1,"name":"Accueil","item":"https:\/\/www.atoutloisir.com\/blog\/"},{"@type":"ListItem","position":2,"name":"Le potager sous serre de jardin"}]},{"@type":"WebSite","@id":"https:\/\/www.atoutloisir.com\/blog\/#website","url":"https:\/\/www.atoutloisir.com\/blog\/","name":"Atout Loisir","description":"Vente de mat\u00e9riel de jardinage proposant un grand choix d&#039;abris tunnel, de serres de b\u00e2ches et d&#039;outils pour arroser et entretenir votre jardin.","publisher":{"@id":"https:\/\/www.atoutloisir.com\/blog\/#organization"},"potentialAction":[{"@type":"SearchAction","target":{"@type":"EntryPoint","urlTemplate":"https:\/\/www.atoutloisir.com\/blog\/?s={search_term_string}"},"query-input":"required name=search_term_string"}],"inLanguage":"fr-FR"},{"@type":"Organization","@id":"https:\/\/www.atoutloisir.com\/blog\/#organization","name":"Atout Loisir","url":"https:\/\/www.atoutloisir.com\/blog\/","logo":{"@type":"ImageObject","inLanguage":"fr-FR","@id":"https:\/\/www.atoutloisir.com\/blog\/#\/schema\/logo\/image\/","url":"https:\/\/www.atoutloisir.com\/blog\/wp-content\/uploads\/2018\/03\/atoutloisir-logo-1458121127.jpg","contentUrl":"https:\/\/www.atoutloisir.com\/blog\/wp-content\/uploads\/2018\/03\/atoutloisir-logo-1458121127.jpg","width":337,"height":58,"caption":"Atout Loisir"},"image":{"@id":"https:\/\/www.atoutloisir.com\/blog\/#\/schema\/logo\/image\/"},"sameAs":["https:\/\/www.facebook.com\/atoutloisir\/"]},{"@type":"Person","@id":"https:\/\/www.atoutloisir.com\/blog\/#\/schema\/person\/bc7618aa216476fa7344e7dcec065093","name":"Anais","sameAs":["http:\/\/mege@webstrategies.fr"]}]}},"_links":{"self":[{"href":"https:\/\/www.atoutloisir.com\/blog\/wp-json\/wp\/v2\/posts\/5783"}],"collection":[{"href":"https:\/\/www.atoutloisir.com\/blog\/wp-json\/wp\/v2\/posts"}],"about":[{"href":"https:\/\/www.atoutloisir.com\/blog\/wp-json\/wp\/v2\/types\/post"}],"author":[{"embeddable":true,"href":"https:\/\/www.atoutloisir.com\/blog\/wp-json\/wp\/v2\/users\/9"}],"replies":[{"embeddable":true,"href":"https:\/\/www.atoutloisir.com\/blog\/wp-json\/wp\/v2\/comments?post=5783"}],"version-history":[{"count":20,"href":"https:\/\/www.atoutloisir.com\/blog\/wp-json\/wp\/v2\/posts\/5783\/revisions"}],"predecessor-version":[{"id":10757,"href":"https:\/\/www.atoutloisir.com\/blog\/wp-json\/wp\/v2\/posts\/5783\/revisions\/10757"}],"wp:featuredmedia":[{"embeddable":true,"href":"https:\/\/www.atoutloisir.com\/blog\/wp-json\/wp\/v2\/media\/5821"}],"wp:attachment":[{"href":"https:\/\/www.atoutloisir.com\/blog\/wp-json\/wp\/v2\/media?parent=5783"}],"wp:term":[{"taxonomy":"category","embeddable":true,"href":"https:\/\/www.atoutloisir.com\/blog\/wp-json\/wp\/v2\/categories?post=5783"},{"taxonomy":"post_tag","embeddable":true,"href":"https:\/\/www.atoutloisir.com\/blog\/wp-json\/wp\/v2\/tags?post=5783"}],"curies":[{"name":"wp","href":"https:\/\/api.w.org\/{rel}","templated":true}]}}