{"id":3001,"date":"2020-04-09T16:39:49","date_gmt":"2020-04-09T15:39:49","guid":{"rendered":"https:\/\/www.atoutloisir.com\/blog\/?p=3001"},"modified":"2026-02-13T11:47:16","modified_gmt":"2026-02-13T10:47:16","slug":"quel-abri-de-jardin-choisir","status":"publish","type":"post","link":"https:\/\/www.atoutloisir.com\/blog\/quel-abri-de-jardin-choisir\/","title":{"rendered":"Quel abri de jardin choisir ?"},"content":{"rendered":"<div class=\"page_article_summary\">\n<p>&nbsp;<\/p>\n<p><strong>AU SOMMAIRE :<\/strong><\/p>\n<ul>\n<li><strong><a href=\"#usage\">Les usages<\/a><\/strong><\/li>\n<li><strong><a href=\"#taille\">Les dimensions<\/a><\/strong><\/li>\n<li><strong><a href=\"#materiaux\">Les mat\u00e9riaux<\/a><\/strong><\/li>\n<li><strong><a href=\"#epaisseur\">L&rsquo;\u00e9paisseur des madriers<\/a><\/strong><\/li>\n<li><strong><a href=\"#menuiseries\">Les menuiseries<\/a><\/strong><\/li>\n<\/ul>\n<\/div>\n<h2 id=\"usage\">Un abri de jardin, pour quel usage ?<\/h2>\n<div class=\"columns cols-2 \">\n<div>\n<p><a href=\"https:\/\/www.atoutloisir.com\/773-abris-de-jardin\"><img decoding=\"async\" class=\"alignnone wp-image-3158 size-full\" src=\"https:\/\/www.atoutloisir.com\/blog\/wp-content\/uploads\/2020\/04\/visuel1-abris-de-jardin-1.jpg\" alt=\"abri de jardin\" width=\"550\" height=\"275\" srcset=\"https:\/\/www.atoutloisir.com\/blog\/wp-content\/uploads\/2020\/04\/visuel1-abris-de-jardin-1.jpg 550w, https:\/\/www.atoutloisir.com\/blog\/wp-content\/uploads\/2020\/04\/visuel1-abris-de-jardin-1-300x150.jpg 300w, https:\/\/www.atoutloisir.com\/blog\/wp-content\/uploads\/2020\/04\/visuel1-abris-de-jardin-1-383x192.jpg 383w, https:\/\/www.atoutloisir.com\/blog\/wp-content\/uploads\/2020\/04\/visuel1-abris-de-jardin-1-123x62.jpg 123w\" sizes=\"(max-width: 550px) 100vw, 550px\" \/><\/a><\/p>\n<\/div>\n<div>\n<p>Quelle que soit sa taille, un <a href=\"https:\/\/www.atoutloisir.com\/605-abris\">abri de jardin<\/a> apporte un <strong>nouvel espace de rangement et de vie<\/strong>. Id\u00e9al pour y <strong>stocker\u00a0des outils<\/strong>, du mat\u00e9riel,<strong> du mobilier de jardin<\/strong>, des v\u00e9los et m\u00eame des <strong>objets plus encombrants<\/strong> comme une tondeuse ou un spa.<\/p>\n<p>La superficie d\u00e9pend, g\u00e9n\u00e9ralement, de l&rsquo;usage souhait\u00e9. Vous pouvez tout aussi bien installer un petit <a href=\"https:\/\/www.atoutloisir.com\/711-petit-abri-de-jardin-moins-de-5-m\">abri de jardin de moins de 5 m\u00b2<\/a> pour y stocker votre brouette, faisant office de <strong>cabanon<\/strong>. Que privil\u00e9gier un <a href=\"https:\/\/www.atoutloisir.com\/936-grand-abri-de-jardin-plus-de-5-m\">abri de plus de 10 m\u00b2<\/a> pour cr\u00e9er une <strong>nouvelle pi\u00e8ce \u00e0 vivre<\/strong>, comme un <strong>coin barbecue<\/strong> au bout du jardin ou un <strong>chalet<\/strong>\u00a0avec pour objectif d&rsquo;am\u00e9nager une <strong>pi\u00e8ce annexe<\/strong>.<\/p>\n<p>Les abris se diff\u00e9rencient \u00e9galement par leur conception. L<strong>&lsquo;abri de jardin en bois<\/strong> reprend l&rsquo;apparence d&rsquo;un<strong> chalet<\/strong>, con\u00e7u \u00e0 partir d&rsquo;un mat\u00e9riau noble en parfaite harmonie avec chaque environnement. Les <strong>abris en m\u00e9tal et en r\u00e9sine<\/strong>, reconnus pour leur facilit\u00e9 de montage et leur design, font r\u00e9f\u00e9rence \u00e0 un cabanon ou encore une <strong>cabane de jardin<\/strong>. Enfin, l&rsquo;<strong>abri en toile<\/strong> correspond principalement \u00e0 un <strong>garage<\/strong>.<\/p>\n<\/div>\n<\/div>\n<h2><\/h2>\n<h2 id=\"taille\">Quelles dimensions pour mon abri ?<\/h2>\n<p>Lorsque vous choisirez votre abri de jardin, selon votre besoin et votre budget, vous aurez plusieurs indications concernant sa superficie. Ici, la <strong>surface hors-tout<\/strong> repr\u00e9sente la surface totale de l&rsquo;abri, comprenant \u00e9galement le d\u00e9bordement du toit. La <strong>surface utile<\/strong> fait r\u00e9f\u00e9rence \u00e0 l&rsquo;espace utilisable \u00e0 l&rsquo;int\u00e9rieur de l&rsquo;abri.<\/p>\n<table class=\"nomobile\" style=\"line-height: 3px; padding: 10px; border-spacing: 20px; white-space: nowrap;\">\n<tbody>\n<tr>\n<td align=\"left\" valign=\"top\" bgcolor=\"#000\"><strong>Moins de 5 m\u00b2<\/strong><\/td>\n<td>Convient pour ranger des petits outils, des v\u00e9los, une tondeuse et des <a href=\"https:\/\/www.atoutloisir.com\/791-outillage\">\u00e9quipements de jardin<\/a>.<\/td>\n<\/tr>\n<tr>\n<td align=\"left\" valign=\"top\" bgcolor=\"#EFEFEF\">&nbsp;<\/p>\n<p><strong>De 5 \u00e0 10 m\u00b2<\/strong><\/p>\n<p>&nbsp;<\/td>\n<td>Id\u00e9al pour mettre un salon de jardin, un barbecue, une tondeuse ou encore une brouette.<\/td>\n<\/tr>\n<tr>\n<td align=\"left\" valign=\"top\" bgcolor=\"#EFEFEF\">&nbsp;<\/p>\n<p><strong>De 10 \u00e0 20 m\u00b2<\/strong><\/p>\n<p>&nbsp;<\/td>\n<td>Possibilit\u00e9 de cr\u00e9er une pi\u00e8ce \u00e0 vivre, de stocker de l&rsquo;outillage de jardin, un grand salon de jardin, un tracteur ou un spa gonflable.<\/td>\n<\/tr>\n<tr>\n<td align=\"left\" valign=\"top\" bgcolor=\"#EFEFEF\">&nbsp;<\/p>\n<p><strong>Plus de 20 m\u00b2<\/strong><\/p>\n<p><strong>Moins de 5 m\u00b2<\/strong><\/p>\n<p>&nbsp;<\/td>\n<td>Grand espace de stockage, pour cr\u00e9er un atelier, une pi\u00e8ce \u00e0 vivre, une extension de la maison ou encore un coin d\u00e9tente.<\/td>\n<\/tr>\n<\/tbody>\n<\/table>\n<p>&nbsp;<\/p>\n<h2 id=\"materiaux\" class=\"nomobile\">Quels mat\u00e9riaux pour mon abri de jardin ?<\/h2>\n<table class=\"nomobile\" style=\"line-height: 3px; padding: 10px; border-spacing: 20px; white-space: nowrap;\">\n<tbody>\n<tr align=\"left\" valign=\"top\" bgcolor=\"#EFEFEF\">\n<td style=\"text-align: center;\">&nbsp;<\/p>\n<p><strong>Mat\u00e9riaux<\/strong><\/td>\n<td>&nbsp;<\/p>\n<p style=\"text-align: center;\"><strong>Avantages<\/strong><\/p>\n<\/td>\n<td style=\"text-align: center;\">&nbsp;<\/p>\n<p><strong>Traitement et entretien\u00a0<\/strong><\/td>\n<td style=\"text-align: center;\">&nbsp;<\/p>\n<p><strong>Installation<\/strong><\/td>\n<\/tr>\n<tr>\n<td style=\"text-align: center;\"><strong>Abri en bois : <\/strong><\/p>\n<p><strong>\u00e9pic\u00e9a, <\/strong><strong>massif <\/strong><\/p>\n<p><strong>ou douglas<\/strong><\/td>\n<td>&nbsp;<\/p>\n<p>&nbsp;<\/p>\n<p>Aspect naturel, \u00e9l\u00e9gant et chaleureux<\/p>\n<p>Robuste<\/p>\n<p><span style=\"font-family: inherit; font-size: inherit;\">Bon <\/span><span style=\"font-family: inherit; font-size: inherit;\">isolant<\/span><\/p>\n<p><span style=\"font-family: inherit; font-size: inherit;\">Avec une certification PEFC ou<\/span><\/p>\n<p><span style=\"font-family: inherit; font-size: inherit;\">FSC<\/span><\/p>\n<p>Facile \u00e0 peindre<\/p>\n<p>&nbsp;<\/td>\n<td>Demande un peu d\u2019entretien pour son traitement<\/p>\n<p>autoclave (protection contre les insectes et l&rsquo;humidit\u00e9)<\/p>\n<p>Possibilit\u00e9 de le lasurer avant montage avec<\/p>\n<p>un traitement fongicide<\/td>\n<td>Madriers \u00e0 embo\u00eeter, syst\u00e8me de montage pour<\/p>\n<p>une meilleure r\u00e9sistance<\/p>\n<p>Si pas de traitement autoclave, \u00e0 lasurer<\/p>\n<p>avant le montage<\/td>\n<\/tr>\n<tr>\n<td>\n<p style=\"text-align: center;\"><strong>Abri en m\u00e9tal<\/strong><\/p>\n<\/td>\n<td>&nbsp;<\/p>\n<p>R\u00e9siste aux intemp\u00e9ries<\/p>\n<p>Ne craint pas l&rsquo;humidit\u00e9<\/p>\n<p>\u00c9conomique<\/p>\n<p>R\u00e9siste \u00e0 la rouille<\/p>\n<p>Sans entretien<\/td>\n<td>Pas de traitement en particulier<\/td>\n<td>&nbsp;<\/p>\n<p>&nbsp;<\/p>\n<p>Montage simple et rapide<\/p>\n<p>&nbsp;<\/p>\n<p>&nbsp;<\/td>\n<\/tr>\n<tr>\n<td style=\"text-align: center;\"><strong>Abri en r\u00e9sine<\/strong><\/td>\n<td>R\u00e9siste aux intemp\u00e9ries et aux chocs<\/p>\n<p>Esth\u00e9tique, imitation rainures du bois<\/p>\n<p>Majoritairement trait\u00e9e contre les UV<\/p>\n<p>Bon rapport qualit\u00e9\/prix<\/td>\n<td>Nettoyage \u00e0 l&rsquo;eau<\/td>\n<td>&nbsp;<\/p>\n<p>&nbsp;<\/p>\n<p>&nbsp;<\/p>\n<p>Installation avec des panneaux \u00e0 assembler<\/p>\n<p>&nbsp;<\/p>\n<p>&nbsp;<\/p>\n<p>&nbsp;<\/td>\n<\/tr>\n<tr>\n<td style=\"text-align: center;\"><strong>Abri souple : b\u00e2che en <\/strong><\/p>\n<p><strong>poly\u00e9thyl\u00e8ne<\/strong><\/td>\n<td>&nbsp;<\/p>\n<p>Abri facilement modulable<\/p>\n<p>Design et pratique<\/p>\n<p>Traitement anti-UV<\/p>\n<p>Peu d&rsquo;entretien<\/p>\n<p>&nbsp;<\/td>\n<td>&nbsp;<\/p>\n<p>Aucun traitement n\u00e9cessaire \u00e0 apporter<\/p>\n<p>&nbsp;<\/td>\n<td>&nbsp;<\/p>\n<p>Installation facile et rapide.<\/p>\n<p>Structure en acier \u00e0 assembler, avec la b\u00e2che \u00e0 fixer par-dessus<\/p>\n<p>et au sol<\/td>\n<\/tr>\n<\/tbody>\n<\/table>\n<p style=\"font-size: 13px; border-radius: 15px; padding: 20px 20px 20px 60px; background-color: #f8f8f8;\"><em><strong style=\"font-size: 13px;\">Information :<\/strong><span style=\"font-size: 13px;\"><strong style=\"font-size: 13px;\"> le PEFC<\/strong><span style=\"font-size: 13px;\">,<\/span> Programme for the Endorsement of Forest Certification schemes<span style=\"font-size: 13px;\">, <a href=\"https:\/\/www.atoutloisir.com\/blog\/choix-bois-abri-jardin\/\" >garantit l&rsquo;origine du bois<\/a> et contribue \u00e0 la gestion durable des for\u00eats. Le label <\/span><strong style=\"font-size: 13px;\">FSC<\/strong>, Forest Stawardship Council,<span style=\"font-size: 13px;\"> certifie qu&rsquo;un produit a \u00e9t\u00e9 con\u00e7u avec un bois issu de for\u00eat responsable.<\/span><\/span><\/em><\/p>\n<div class=\"columns cols-4 \">\n<div>\n<div class=\"shortcode_size presta_product_container\" style=\"float:none\"><a href=\"https:\/\/www.atoutloisir.com\/abris-plus-de-20-m\/3476-montreux-2346m-5412025283446.html\" title=\"Abri de jardin MONTREUX en bois  23,46 m\u00b2\" target=\"_blank\"><div class=\"presta_product\"><div class=\"presta_product_content\"><div class=\"presta_product_img\" style=\"background-image: url(https:\/\/www.atoutloisir.com\/img\/p\/1\/3\/8\/4\/7\/5\/138475.jpg) \"><\/div><div class=\"presta_product_text\"><p class=\"presta_product_name\">Abri de jardin MONTREUX en bois  23,46 m\u00b2<\/p><p class=\"presta_product_price\">4 900,00\u20ac<\/p><\/div><div class=\"presta_products_informations\"><div class=\"presta_products_content\"><div class=\"info-plus\"><\/div><div class=\"info-text\"><p>Voir le <br \/>d\u00e9tail<\/p><\/div><\/div><\/div><\/div><\/div><\/a><\/div>\n<\/div>\n<div>\n<div class=\"shortcode_size presta_product_container\" style=\"float:none\"><a href=\"https:\/\/www.atoutloisir.com\/abris-de-5-a-10-m\/3450-larvik-765m-5412025082216.html\" title=\"Abri de jardin LARVIK en bois 7,65 m\u00b2\" target=\"_blank\"><div class=\"presta_product\"><div class=\"presta_product_content\"><div class=\"presta_product_img\" style=\"background-image: url(https:\/\/www.atoutloisir.com\/img\/p\/1\/4\/2\/6\/9\/6\/142696.jpg) \"><\/div><div class=\"presta_product_text\"><p class=\"presta_product_name\">Abri de jardin LARVIK en bois 7,65 m\u00b2<\/p><p class=\"presta_product_price\">3 220,00\u20ac<\/p><\/div><div class=\"presta_products_informations\"><div class=\"presta_products_content\"><div class=\"info-plus\"><\/div><div class=\"info-text\"><p>Voir le <br \/>d\u00e9tail<\/p><\/div><\/div><\/div><\/div><\/div><\/a><\/div>\n<\/div>\n<div>\n\n<\/div>\n<\/div>\n<p>&nbsp;<\/p>\n<h2 id=\"epaisseur\">Quelle \u00e9paisseur pour les madriers ?<\/h2>\n<p>L&rsquo;\u00e9paisseur des parois apporte une indication concernant <strong>la qualit\u00e9 et la durabilit\u00e9 de votre abri de jardin<\/strong>. Une \u00e9paisse paroi b\u00e9n\u00e9ficiera ainsi d&rsquo;une <strong>meilleure isolation<\/strong>\u00a0et d&rsquo;une plus <strong>grande robustesse<\/strong>.<\/p>\n<p>Il existe diff\u00e9rentes \u00e9paisseurs de madriers,<strong> g\u00e9n\u00e9ralement de 12 \u00e0 44 mm<\/strong>. Cette diff\u00e9rence correspond g\u00e9n\u00e9ralement en fonction de la taille de votre abri. Pour les parois poss\u00e9dant une \u00e9paisseur<strong> inf\u00e9rieure \u00e0 28 mm<\/strong>, les abris sont utilis\u00e9s pour <strong>stocker et ranger du mat\u00e9riel ou mobilier de jardin<\/strong> car la majorit\u00e9 poss\u00e8dent une petite surface. <strong>Au-del\u00e0 de 28 mm<\/strong>, les abris de jardin b\u00e9n\u00e9ficient d&rsquo;une isolation et d&rsquo;une qualit\u00e9 convenable, recommand\u00e9s pour la cr\u00e9ation d&rsquo;une nouvelle pi\u00e8ce de vie ou d&rsquo;une d\u00e9pendance similaire \u00e0 un <strong>chalet en bois<\/strong>.<\/p>\n<p>&nbsp;<\/p>\n<h2 id=\"menuiseries\">Avec quelles menuiseries ?<\/h2>\n<p>Diff\u00e9rentes menuiseries sont disponibles en fonction de l&rsquo;abri de jardin choisi.<\/p>\n<div class=\"columns cols-2 \">\n<div>\n<p><strong>Porte :<\/strong> simple ou double, pour entreposer plus facilement les objets encombrants. Coulissante ou battante, pour ne pas perdre d&rsquo;espace.<\/p>\n<p><strong>Fen\u00eatre :<\/strong> sans ou avec, basculante ou battante. Les fen\u00eatres peuvent \u00eatre en polycarbonate, verre ou en verre tremp\u00e9.<\/p>\n<p><strong>Plancher :<\/strong> repr\u00e9sente ici les fondations. Tous les abris n&rsquo;en poss\u00e8dent pas. Si c&rsquo;est le cas, nous vous recommandons de l&rsquo;installer sur une dalle en b\u00e9ton. En effet, <a href=\"https:\/\/www.atoutloisir.com\/blog\/poser-abri-jardin\/\">un plancher assure une meilleure isolation thermique<\/a> et renforce la stabilit\u00e9 de l&rsquo;abri.<\/p>\n<p><strong>Toiture :<\/strong> avec un toit plat, un <a href=\"https:\/\/www.atoutloisir.com\/746-abris-vehicule\">toit double pente<\/a> ou un toit mono pente. Il existe plusieurs mati\u00e8res selon les abris de jardin : acier galvanis\u00e9, shingle, PVC, poly\u00e9thyl\u00e8ne&#8230;<\/p>\n<p><strong>S\u00e9curit\u00e9 :<\/strong> l&rsquo;abri peut \u00eatre verrouillable, ou non, g\u00e9n\u00e9ralement \u00e0 l&rsquo;aide d&rsquo;un cadenas.<\/p>\n<\/div>\n<div><a href=\"https:\/\/www.atoutloisir.com\/936-grand-abri-de-jardin-plus-de-5-m\"><img decoding=\"async\" class=\"alignnone wp-image-3164 size-full\" src=\"https:\/\/www.atoutloisir.com\/blog\/wp-content\/uploads\/2020\/04\/visuel2-abris-de-jardin.jpg\" alt=\"abri en m\u00e9tal\" width=\"550\" height=\"275\" srcset=\"https:\/\/www.atoutloisir.com\/blog\/wp-content\/uploads\/2020\/04\/visuel2-abris-de-jardin.jpg 550w, https:\/\/www.atoutloisir.com\/blog\/wp-content\/uploads\/2020\/04\/visuel2-abris-de-jardin-300x150.jpg 300w, https:\/\/www.atoutloisir.com\/blog\/wp-content\/uploads\/2020\/04\/visuel2-abris-de-jardin-383x192.jpg 383w, https:\/\/www.atoutloisir.com\/blog\/wp-content\/uploads\/2020\/04\/visuel2-abris-de-jardin-123x62.jpg 123w\" sizes=\"(max-width: 550px) 100vw, 550px\" \/><\/a><\/div>\n<\/div>\n<p>&nbsp;<\/p>\n<hr \/>\n<p>Afin de confirmer pleinement votre choix pour acheter un abri de jardin, n&rsquo;h\u00e9sitez pas \u00e0 aller consulter notre article sur la r\u00e9glementation concernant la \u00ab\u00a0<a href=\"https:\/\/www.atoutloisir.com\/blog\/quelle-taxe-abri-de-jardin\/\">taxe abri de jardin<\/a>\u00a0\u00bb et d&rsquo;anticiper les d\u00e9marches n\u00e9cessaires \u00e0 effectuer.<\/p>\n","protected":false},"excerpt":{"rendered":"<p>Vous souhaitez acheter un abri de jardin mais vous h\u00e9sitez sur votre choix ? D\u00e9couvrez nos conseils sur les diff\u00e9rents mat\u00e9riaux, les tailles, les usages possibles et menuiseries existantes afin de choisir au mieux votre abri de jardin. <\/p>\n","protected":false},"author":6,"featured_media":3023,"comment_status":"open","ping_status":"open","sticky":false,"template":"","format":"standard","meta":{"footnotes":""},"categories":[21],"tags":[],"acf":[],"yoast_head":"<!-- This site is optimized with the Yoast SEO plugin v20.4 - https:\/\/yoast.com\/wordpress\/plugins\/seo\/ -->\n<title>Quel abri de jardin choisir en 2026 ?<\/title>\n<meta name=\"description\" content=\"Choisir un abri de jardin en 2026 est complexe ! Les mat\u00e9riaux (bois, m\u00e9tal, r\u00e9sine), dimensions et prix. Guide pour faire le meilleur choix.\" \/>\n<meta name=\"robots\" content=\"index, follow, max-snippet:-1, max-image-preview:large, max-video-preview:-1\" \/>\n<link rel=\"canonical\" href=\"https:\/\/www.atoutloisir.com\/blog\/quel-abri-de-jardin-choisir\/\" \/>\n<meta property=\"og:locale\" content=\"fr_FR\" \/>\n<meta property=\"og:type\" content=\"article\" \/>\n<meta property=\"og:title\" content=\"Quel abri de jardin choisir en 2026 ?\" \/>\n<meta property=\"og:description\" content=\"Choisir un abri de jardin en 2026 est complexe ! Les mat\u00e9riaux (bois, m\u00e9tal, r\u00e9sine), dimensions et prix. Guide pour faire le meilleur choix.\" \/>\n<meta property=\"og:url\" content=\"https:\/\/www.atoutloisir.com\/blog\/quel-abri-de-jardin-choisir\/\" \/>\n<meta property=\"og:site_name\" content=\"Atout Loisir\" \/>\n<meta property=\"article:publisher\" content=\"https:\/\/www.facebook.com\/atoutloisir\/\" \/>\n<meta property=\"article:published_time\" content=\"2020-04-09T15:39:49+00:00\" \/>\n<meta property=\"article:modified_time\" content=\"2026-02-13T10:47:16+00:00\" \/>\n<meta property=\"og:image\" content=\"https:\/\/www.atoutloisir.com\/blog\/wp-content\/uploads\/2020\/04\/abri-de-jardin-nancy-2-2550x2550-5-45m-utiles.jpg\" \/>\n\t<meta property=\"og:image:width\" content=\"1166\" \/>\n\t<meta property=\"og:image:height\" content=\"814\" \/>\n\t<meta property=\"og:image:type\" content=\"image\/jpeg\" \/>\n<meta name=\"author\" content=\"Agathe\" \/>\n<meta name=\"twitter:card\" content=\"summary_large_image\" \/>\n<meta name=\"twitter:label1\" content=\"\u00c9crit par\" \/>\n\t<meta name=\"twitter:data1\" content=\"Agathe\" \/>\n\t<meta name=\"twitter:label2\" content=\"Dur\u00e9e de lecture estim\u00e9e\" \/>\n\t<meta name=\"twitter:data2\" content=\"5 minutes\" \/>\n<script type=\"application\/ld+json\" class=\"yoast-schema-graph\">{\"@context\":\"https:\/\/schema.org\",\"@graph\":[{\"@type\":\"Article\",\"@id\":\"https:\/\/www.atoutloisir.com\/blog\/quel-abri-de-jardin-choisir\/#article\",\"isPartOf\":{\"@id\":\"https:\/\/www.atoutloisir.com\/blog\/quel-abri-de-jardin-choisir\/\"},\"author\":{\"name\":\"Agathe\",\"@id\":\"https:\/\/www.atoutloisir.com\/blog\/#\/schema\/person\/d59ea4442f3cc6e0944b9514561f9c49\"},\"headline\":\"Quel abri de jardin choisir ?\",\"datePublished\":\"2020-04-09T15:39:49+00:00\",\"dateModified\":\"2026-02-13T10:47:16+00:00\",\"mainEntityOfPage\":{\"@id\":\"https:\/\/www.atoutloisir.com\/blog\/quel-abri-de-jardin-choisir\/\"},\"wordCount\":972,\"commentCount\":1,\"publisher\":{\"@id\":\"https:\/\/www.atoutloisir.com\/blog\/#organization\"},\"articleSection\":[\"Choisir un abri de jardin\"],\"inLanguage\":\"fr-FR\",\"potentialAction\":[{\"@type\":\"CommentAction\",\"name\":\"Comment\",\"target\":[\"https:\/\/www.atoutloisir.com\/blog\/quel-abri-de-jardin-choisir\/#respond\"]}]},{\"@type\":\"WebPage\",\"@id\":\"https:\/\/www.atoutloisir.com\/blog\/quel-abri-de-jardin-choisir\/\",\"url\":\"https:\/\/www.atoutloisir.com\/blog\/quel-abri-de-jardin-choisir\/\",\"name\":\"Quel abri de jardin choisir en 2026 ?\",\"isPartOf\":{\"@id\":\"https:\/\/www.atoutloisir.com\/blog\/#website\"},\"datePublished\":\"2020-04-09T15:39:49+00:00\",\"dateModified\":\"2026-02-13T10:47:16+00:00\",\"description\":\"Choisir un abri de jardin en 2026 est complexe ! Les mat\u00e9riaux (bois, m\u00e9tal, r\u00e9sine), dimensions et prix. Guide pour faire le meilleur choix.\",\"breadcrumb\":{\"@id\":\"https:\/\/www.atoutloisir.com\/blog\/quel-abri-de-jardin-choisir\/#breadcrumb\"},\"inLanguage\":\"fr-FR\",\"potentialAction\":[{\"@type\":\"ReadAction\",\"target\":[\"https:\/\/www.atoutloisir.com\/blog\/quel-abri-de-jardin-choisir\/\"]}]},{\"@type\":\"BreadcrumbList\",\"@id\":\"https:\/\/www.atoutloisir.com\/blog\/quel-abri-de-jardin-choisir\/#breadcrumb\",\"itemListElement\":[{\"@type\":\"ListItem\",\"position\":1,\"name\":\"Accueil\",\"item\":\"https:\/\/www.atoutloisir.com\/blog\/\"},{\"@type\":\"ListItem\",\"position\":2,\"name\":\"Quel abri de jardin choisir ?\"}]},{\"@type\":\"WebSite\",\"@id\":\"https:\/\/www.atoutloisir.com\/blog\/#website\",\"url\":\"https:\/\/www.atoutloisir.com\/blog\/\",\"name\":\"Atout Loisir\",\"description\":\"Vente de mat\u00e9riel de jardinage proposant un grand choix d&#039;abris tunnel, de serres de b\u00e2ches et d&#039;outils pour arroser et entretenir votre jardin.\",\"publisher\":{\"@id\":\"https:\/\/www.atoutloisir.com\/blog\/#organization\"},\"potentialAction\":[{\"@type\":\"SearchAction\",\"target\":{\"@type\":\"EntryPoint\",\"urlTemplate\":\"https:\/\/www.atoutloisir.com\/blog\/?s={search_term_string}\"},\"query-input\":\"required name=search_term_string\"}],\"inLanguage\":\"fr-FR\"},{\"@type\":\"Organization\",\"@id\":\"https:\/\/www.atoutloisir.com\/blog\/#organization\",\"name\":\"Atout Loisir\",\"url\":\"https:\/\/www.atoutloisir.com\/blog\/\",\"logo\":{\"@type\":\"ImageObject\",\"inLanguage\":\"fr-FR\",\"@id\":\"https:\/\/www.atoutloisir.com\/blog\/#\/schema\/logo\/image\/\",\"url\":\"https:\/\/www.atoutloisir.com\/blog\/wp-content\/uploads\/2018\/03\/atoutloisir-logo-1458121127.jpg\",\"contentUrl\":\"https:\/\/www.atoutloisir.com\/blog\/wp-content\/uploads\/2018\/03\/atoutloisir-logo-1458121127.jpg\",\"width\":337,\"height\":58,\"caption\":\"Atout Loisir\"},\"image\":{\"@id\":\"https:\/\/www.atoutloisir.com\/blog\/#\/schema\/logo\/image\/\"},\"sameAs\":[\"https:\/\/www.facebook.com\/atoutloisir\/\"]},{\"@type\":\"Person\",\"@id\":\"https:\/\/www.atoutloisir.com\/blog\/#\/schema\/person\/d59ea4442f3cc6e0944b9514561f9c49\",\"name\":\"Agathe\"}]}<\/script>\n<!-- \/ Yoast SEO plugin. -->","yoast_head_json":{"title":"Quel abri de jardin choisir en 2026 ?","description":"Choisir un abri de jardin en 2026 est complexe ! Les mat\u00e9riaux (bois, m\u00e9tal, r\u00e9sine), dimensions et prix. Guide pour faire le meilleur choix.","robots":{"index":"index","follow":"follow","max-snippet":"max-snippet:-1","max-image-preview":"max-image-preview:large","max-video-preview":"max-video-preview:-1"},"canonical":"https:\/\/www.atoutloisir.com\/blog\/quel-abri-de-jardin-choisir\/","og_locale":"fr_FR","og_type":"article","og_title":"Quel abri de jardin choisir en 2026 ?","og_description":"Choisir un abri de jardin en 2026 est complexe ! Les mat\u00e9riaux (bois, m\u00e9tal, r\u00e9sine), dimensions et prix. Guide pour faire le meilleur choix.","og_url":"https:\/\/www.atoutloisir.com\/blog\/quel-abri-de-jardin-choisir\/","og_site_name":"Atout Loisir","article_publisher":"https:\/\/www.facebook.com\/atoutloisir\/","article_published_time":"2020-04-09T15:39:49+00:00","article_modified_time":"2026-02-13T10:47:16+00:00","og_image":[{"width":1166,"height":814,"url":"https:\/\/www.atoutloisir.com\/blog\/wp-content\/uploads\/2020\/04\/abri-de-jardin-nancy-2-2550x2550-5-45m-utiles.jpg","type":"image\/jpeg"}],"author":"Agathe","twitter_card":"summary_large_image","twitter_misc":{"\u00c9crit par":"Agathe","Dur\u00e9e de lecture estim\u00e9e":"5 minutes"},"schema":{"@context":"https:\/\/schema.org","@graph":[{"@type":"Article","@id":"https:\/\/www.atoutloisir.com\/blog\/quel-abri-de-jardin-choisir\/#article","isPartOf":{"@id":"https:\/\/www.atoutloisir.com\/blog\/quel-abri-de-jardin-choisir\/"},"author":{"name":"Agathe","@id":"https:\/\/www.atoutloisir.com\/blog\/#\/schema\/person\/d59ea4442f3cc6e0944b9514561f9c49"},"headline":"Quel abri de jardin choisir ?","datePublished":"2020-04-09T15:39:49+00:00","dateModified":"2026-02-13T10:47:16+00:00","mainEntityOfPage":{"@id":"https:\/\/www.atoutloisir.com\/blog\/quel-abri-de-jardin-choisir\/"},"wordCount":972,"commentCount":1,"publisher":{"@id":"https:\/\/www.atoutloisir.com\/blog\/#organization"},"articleSection":["Choisir un abri de jardin"],"inLanguage":"fr-FR","potentialAction":[{"@type":"CommentAction","name":"Comment","target":["https:\/\/www.atoutloisir.com\/blog\/quel-abri-de-jardin-choisir\/#respond"]}]},{"@type":"WebPage","@id":"https:\/\/www.atoutloisir.com\/blog\/quel-abri-de-jardin-choisir\/","url":"https:\/\/www.atoutloisir.com\/blog\/quel-abri-de-jardin-choisir\/","name":"Quel abri de jardin choisir en 2026 ?","isPartOf":{"@id":"https:\/\/www.atoutloisir.com\/blog\/#website"},"datePublished":"2020-04-09T15:39:49+00:00","dateModified":"2026-02-13T10:47:16+00:00","description":"Choisir un abri de jardin en 2026 est complexe ! Les mat\u00e9riaux (bois, m\u00e9tal, r\u00e9sine), dimensions et prix. Guide pour faire le meilleur choix.","breadcrumb":{"@id":"https:\/\/www.atoutloisir.com\/blog\/quel-abri-de-jardin-choisir\/#breadcrumb"},"inLanguage":"fr-FR","potentialAction":[{"@type":"ReadAction","target":["https:\/\/www.atoutloisir.com\/blog\/quel-abri-de-jardin-choisir\/"]}]},{"@type":"BreadcrumbList","@id":"https:\/\/www.atoutloisir.com\/blog\/quel-abri-de-jardin-choisir\/#breadcrumb","itemListElement":[{"@type":"ListItem","position":1,"name":"Accueil","item":"https:\/\/www.atoutloisir.com\/blog\/"},{"@type":"ListItem","position":2,"name":"Quel abri de jardin choisir ?"}]},{"@type":"WebSite","@id":"https:\/\/www.atoutloisir.com\/blog\/#website","url":"https:\/\/www.atoutloisir.com\/blog\/","name":"Atout Loisir","description":"Vente de mat\u00e9riel de jardinage proposant un grand choix d&#039;abris tunnel, de serres de b\u00e2ches et d&#039;outils pour arroser et entretenir votre jardin.","publisher":{"@id":"https:\/\/www.atoutloisir.com\/blog\/#organization"},"potentialAction":[{"@type":"SearchAction","target":{"@type":"EntryPoint","urlTemplate":"https:\/\/www.atoutloisir.com\/blog\/?s={search_term_string}"},"query-input":"required name=search_term_string"}],"inLanguage":"fr-FR"},{"@type":"Organization","@id":"https:\/\/www.atoutloisir.com\/blog\/#organization","name":"Atout Loisir","url":"https:\/\/www.atoutloisir.com\/blog\/","logo":{"@type":"ImageObject","inLanguage":"fr-FR","@id":"https:\/\/www.atoutloisir.com\/blog\/#\/schema\/logo\/image\/","url":"https:\/\/www.atoutloisir.com\/blog\/wp-content\/uploads\/2018\/03\/atoutloisir-logo-1458121127.jpg","contentUrl":"https:\/\/www.atoutloisir.com\/blog\/wp-content\/uploads\/2018\/03\/atoutloisir-logo-1458121127.jpg","width":337,"height":58,"caption":"Atout Loisir"},"image":{"@id":"https:\/\/www.atoutloisir.com\/blog\/#\/schema\/logo\/image\/"},"sameAs":["https:\/\/www.facebook.com\/atoutloisir\/"]},{"@type":"Person","@id":"https:\/\/www.atoutloisir.com\/blog\/#\/schema\/person\/d59ea4442f3cc6e0944b9514561f9c49","name":"Agathe"}]}},"_links":{"self":[{"href":"https:\/\/www.atoutloisir.com\/blog\/wp-json\/wp\/v2\/posts\/3001"}],"collection":[{"href":"https:\/\/www.atoutloisir.com\/blog\/wp-json\/wp\/v2\/posts"}],"about":[{"href":"https:\/\/www.atoutloisir.com\/blog\/wp-json\/wp\/v2\/types\/post"}],"author":[{"embeddable":true,"href":"https:\/\/www.atoutloisir.com\/blog\/wp-json\/wp\/v2\/users\/6"}],"replies":[{"embeddable":true,"href":"https:\/\/www.atoutloisir.com\/blog\/wp-json\/wp\/v2\/comments?post=3001"}],"version-history":[{"count":22,"href":"https:\/\/www.atoutloisir.com\/blog\/wp-json\/wp\/v2\/posts\/3001\/revisions"}],"predecessor-version":[{"id":10462,"href":"https:\/\/www.atoutloisir.com\/blog\/wp-json\/wp\/v2\/posts\/3001\/revisions\/10462"}],"wp:featuredmedia":[{"embeddable":true,"href":"https:\/\/www.atoutloisir.com\/blog\/wp-json\/wp\/v2\/media\/3023"}],"wp:attachment":[{"href":"https:\/\/www.atoutloisir.com\/blog\/wp-json\/wp\/v2\/media?parent=3001"}],"wp:term":[{"taxonomy":"category","embeddable":true,"href":"https:\/\/www.atoutloisir.com\/blog\/wp-json\/wp\/v2\/categories?post=3001"},{"taxonomy":"post_tag","embeddable":true,"href":"https:\/\/www.atoutloisir.com\/blog\/wp-json\/wp\/v2\/tags?post=3001"}],"curies":[{"name":"wp","href":"https:\/\/api.w.org\/{rel}","templated":true}]}}