{"id":2750,"date":"2020-02-18T10:55:11","date_gmt":"2020-02-18T09:55:11","guid":{"rendered":"https:\/\/www.atoutloisir.com\/blog\/?p=2750"},"modified":"2025-12-23T10:09:53","modified_gmt":"2025-12-23T09:09:53","slug":"quelle-taxe-abri-de-jardin","status":"publish","type":"post","link":"https:\/\/www.atoutloisir.com\/blog\/quelle-taxe-abri-de-jardin\/","title":{"rendered":"Taxe abri de jardin : quelles conditions ?"},"content":{"rendered":"<div class=\"page_article_summary\">\n<p><strong>AU SOMMAIRE :<\/strong><\/p>\n<p>&nbsp;<\/p>\n<ul>\n<li><strong><a href=\"#def\">Qu&rsquo;est-ce que la taxe ?<\/a><\/strong><\/li>\n<li><strong><a href=\"#calcul\">Comment est-elle calcul\u00e9e ?<\/a><\/strong><\/li>\n<li><strong><a href=\"#abris\">Quel abri est concern\u00e9 ?<\/a><\/strong><\/li>\n<\/ul>\n<\/div>\n<p><img decoding=\"async\" class=\"aligncenter wp-image-2768 size-full\" src=\"https:\/\/www.atoutloisir.com\/blog\/wp-content\/uploads\/2020\/02\/taxe-abri-de-jardin-grand.jpg\" alt=\"taxe d'am\u00e9nagement abris de jardin\" width=\"1181\" height=\"308\" srcset=\"https:\/\/www.atoutloisir.com\/blog\/wp-content\/uploads\/2020\/02\/taxe-abri-de-jardin-grand.jpg 1181w, https:\/\/www.atoutloisir.com\/blog\/wp-content\/uploads\/2020\/02\/taxe-abri-de-jardin-grand-300x78.jpg 300w, https:\/\/www.atoutloisir.com\/blog\/wp-content\/uploads\/2020\/02\/taxe-abri-de-jardin-grand-1024x267.jpg 1024w, https:\/\/www.atoutloisir.com\/blog\/wp-content\/uploads\/2020\/02\/taxe-abri-de-jardin-grand-768x200.jpg 768w, https:\/\/www.atoutloisir.com\/blog\/wp-content\/uploads\/2020\/02\/taxe-abri-de-jardin-grand-1170x305.jpg 1170w, https:\/\/www.atoutloisir.com\/blog\/wp-content\/uploads\/2020\/02\/taxe-abri-de-jardin-grand-383x100.jpg 383w, https:\/\/www.atoutloisir.com\/blog\/wp-content\/uploads\/2020\/02\/taxe-abri-de-jardin-grand-123x32.jpg 123w\" sizes=\"(max-width: 1181px) 100vw, 1181px\" \/><\/p>\n<p>&nbsp;<\/p>\n<h2 id=\"def\">Qu&rsquo;est-ce que la taxe abri de jardin ?<\/h2>\n<div class=\"columns cols-2\">\n<div>\n<p>Il s\u2019agit d\u2019une <a href=\"https:\/\/www.service-public.fr\/particuliers\/actualites\/A15416\">taxe d&rsquo;am\u00e9nagement impos\u00e9e<\/a> pour les <strong>constructions\u00a0 ext\u00e9rieures de plus de 5 m\u00b2<\/strong>. Celle-ci est r\u00e9partie entre la commune et le d\u00e9partement afin de financer les CAUE (Conseils d\u2019Architecture, d\u2019Urbanisme et de l\u2019Environnement). Une fois votre demande d&rsquo;autorisation d&rsquo;urbanisme d\u00e9pos\u00e9e, elle est automatiquement <strong>envoy\u00e9e sous un d\u00e9lai de 6 mois<\/strong> et payable en une fois sauf pour un montant sup\u00e9rieur \u00e0 1 500\u20ac.<\/p>\n<p>\u00c0 noter que tous les propri\u00e9taires ne sont pas concern\u00e9s par la taxe <a href=\"https:\/\/www.atoutloisir.com\/605-abris\" >abris de jardin<\/a>. En effet, certaines communes ayant affranchie leurs contribuables ne l&rsquo;appliquent pas. C&rsquo;est pourquoi nous vous conseillons de vous <strong>renseigner aupr\u00e8s de votre mairie<\/strong> sur les conditions \u00e9tablies par votre commune.<\/p>\n<\/div>\n<\/div>\n<h2 id=\"calcul\">Comment calculer la taxe d&rsquo;am\u00e9nagement ?<\/h2>\n<div class=\"columns cols-2\">\n<div><div class=\"presta_product_default_container\" style=\"float:none\"><div class=\"presta_product_default_content\"><div class=\"default_img\" style=\"background-image: url(https:\/\/www.atoutloisir.com\/img\/p\/1\/3\/8\/4\/7\/9\/138479.jpg);\"><\/div><div class=\"default_txt\"><p class=\"presta_product_name\">Abri de jardin Servoz en bois 7.44 m\u00b2<\/p><p class=\"presta_product_short_description\">Abri de jardin Servoz\u00a07.44 m\u00b2\u00a0<\/p><p class=\"presta_product_price\">3 810,00\u20ac<\/p><a href=\"https:\/\/www.atoutloisir.com\/abris-de-5-a-10-m\/3467-chamonix-888m-5412025089802.html\" title=\"Abri de jardin Servoz en bois 7.44 m\u00b2\" target=\"_blank\">Voir le produit<\/a><\/div><\/div><\/div><\/div>\n<div>\n<p>La taxe d\u2019am\u00e9nagement <strong>se calcule en fonction de la surface<\/strong>, de la <strong>valeur forfaitaire au m\u00e8tre carr\u00e9<\/strong> de votre commune et du <strong>taux d&rsquo;imposition<\/strong> fix\u00e9 par les collectivit\u00e9s locales. C&rsquo;est pourquoi, il peut exister de grosses diff\u00e9rences d&rsquo;une r\u00e9gion \u00e0 l&rsquo;autre.<\/p>\n<p>D\u00e9but 2020, la valeur forfaitaire s&rsquo;\u00e9l\u00e8ve \u00e0 860\u20ac en Ile-de-France contre 759\u20ac pour les autres communes. \u00c0 noter que vous pouvez <strong>b\u00e9n\u00e9ficier d&rsquo;exon\u00e9rations ou d&rsquo;abattements<\/strong> suivant votre projet. En cas de doute, nous vous recommandons de contacter votre mairie \u00e0 ce sujet.<\/p>\n<p>\u00c0 titre d&rsquo;exemple, si vous souhaitez construire un abri de jardin de 9 m\u00b2 \u00e0 Bordeaux la taxe reviendra \u00e0 358.50\u20ac (surface + taux communal + taux d\u00e9partemental) sans exon\u00e9ration. N&rsquo;h\u00e9sitez pas \u00e0 utiliser le simulateur en ligne pour calculer le taxe abri de jardin mis \u00e0 votre disposition.<\/p>\n<\/div>\n<\/div>\n<p>&nbsp;<\/p>\n<h2 id=\"abris\">Quels abris de jardin sont concern\u00e9s ?<\/h2>\n<p>Comme \u00e9nonc\u00e9 pr\u00e9c\u00e9demment, la taxe s&rsquo;applique pour toutes les constructions ext\u00e9rieures de plus de 5 m\u00b2. N\u00e9anmoins, tous les abris de jardin de plus de 5 m\u00b2 ne sont pas obligatoirement concern\u00e9s. On parle ici de surface de plancher et ainsi, <strong>seules les structures \u00ab closes \u00bb<\/strong> y sont soumises. C&rsquo;est par exemple le cas pour les garages ou les <a href=\"https:\/\/www.atoutloisir.com\/876-verandas\" >v\u00e9randas<\/a>. Tandis que les am\u00e9nagements non clos comme les <a href=\"https:\/\/www.atoutloisir.com\/818-pergolas\" >pergolas<\/a> ou <a href=\"https:\/\/www.atoutloisir.com\/817-tonnelle-de-jardin-et-kiosque\" >tonnelles<\/a> ne sont pas compris dans la surface taxable.<\/p>\n<p>&nbsp;<\/p>\n<hr \/>\n<p>&nbsp;<\/p>\n<p>Vous l&rsquo;aurez compris, la taxe abri de jardin s&rsquo;applique pour la majorit\u00e9 des projets d&rsquo;am\u00e9nagements ext\u00e9rieurs de plus de 5 m\u00b2. Elle d\u00e9coule d&rsquo;une demande d&rsquo;autorisation d&rsquo;urbanisme et s&rsquo;applique automatiquement, bien qu&rsquo;il existe des exon\u00e9rations suivant la commune ou le type d&rsquo;abri ext\u00e9rieur.<\/p>\n","protected":false},"excerpt":{"rendered":"<p>Appliqu\u00e9e depuis 2010 sur toutes les constructions de plus de 5 m\u00b2, la taxe abri de jardin, aussi appel\u00e9e taxe d&rsquo;am\u00e9nagement, n&rsquo;en reste pas moins trop souvent oubli\u00e9e par les propri\u00e9taires. Bien que tous ne soient pas concern\u00e9s, celle-ci reste obligatoire \u00e0 partir d&rsquo;une certaine surface et peut vite devenir on\u00e9reuse.\u00a0<\/p>\n","protected":false},"author":5,"featured_media":2765,"comment_status":"open","ping_status":"open","sticky":false,"template":"","format":"standard","meta":{"footnotes":""},"categories":[22],"tags":[],"acf":[],"yoast_head":"<!-- This site is optimized with the Yoast SEO plugin v20.4 - https:\/\/yoast.com\/wordpress\/plugins\/seo\/ -->\n<title>Quelles taxes pour les abris de jardin ? Suivez notre guide !<\/title>\n<meta name=\"description\" content=\"Appliqu\u00e9e pour les constructions de plus de 5 m\u00b2, la taxe abri de jardin est trop souvent oubli\u00e9e. D\u00e9couvrez les conditions de cette taxe d&#039;am\u00e9nagement.\" \/>\n<meta name=\"robots\" content=\"index, follow, max-snippet:-1, max-image-preview:large, max-video-preview:-1\" \/>\n<link rel=\"canonical\" href=\"https:\/\/www.atoutloisir.com\/blog\/quelle-taxe-abri-de-jardin\/\" \/>\n<meta property=\"og:locale\" content=\"fr_FR\" \/>\n<meta property=\"og:type\" content=\"article\" \/>\n<meta property=\"og:title\" content=\"Quelles taxes pour les abris de jardin ? Suivez notre guide !\" \/>\n<meta property=\"og:description\" content=\"Appliqu\u00e9e pour les constructions de plus de 5 m\u00b2, la taxe abri de jardin est trop souvent oubli\u00e9e. D\u00e9couvrez les conditions de cette taxe d&#039;am\u00e9nagement.\" \/>\n<meta property=\"og:url\" content=\"https:\/\/www.atoutloisir.com\/blog\/quelle-taxe-abri-de-jardin\/\" \/>\n<meta property=\"og:site_name\" content=\"Atout Loisir\" \/>\n<meta property=\"article:publisher\" content=\"https:\/\/www.facebook.com\/atoutloisir\/\" \/>\n<meta property=\"article:published_time\" content=\"2020-02-18T09:55:11+00:00\" \/>\n<meta property=\"article:modified_time\" content=\"2025-12-23T09:09:53+00:00\" \/>\n<meta property=\"og:image\" content=\"https:\/\/www.atoutloisir.com\/blog\/wp-content\/uploads\/2020\/02\/S8384-scaled.jpg\" \/>\n\t<meta property=\"og:image:width\" content=\"2560\" \/>\n\t<meta property=\"og:image:height\" content=\"1939\" \/>\n\t<meta property=\"og:image:type\" content=\"image\/jpeg\" \/>\n<meta name=\"author\" content=\"Atout Loisir\" \/>\n<meta name=\"twitter:card\" content=\"summary_large_image\" \/>\n<meta name=\"twitter:label1\" content=\"\u00c9crit par\" \/>\n\t<meta name=\"twitter:data1\" content=\"Atout Loisir\" \/>\n\t<meta name=\"twitter:label2\" content=\"Dur\u00e9e de lecture estim\u00e9e\" \/>\n\t<meta name=\"twitter:data2\" content=\"3 minutes\" \/>\n<script type=\"application\/ld+json\" class=\"yoast-schema-graph\">{\"@context\":\"https:\/\/schema.org\",\"@graph\":[{\"@type\":\"Article\",\"@id\":\"https:\/\/www.atoutloisir.com\/blog\/quelle-taxe-abri-de-jardin\/#article\",\"isPartOf\":{\"@id\":\"https:\/\/www.atoutloisir.com\/blog\/quelle-taxe-abri-de-jardin\/\"},\"author\":{\"name\":\"Atout Loisir\",\"@id\":\"https:\/\/www.atoutloisir.com\/blog\/#\/schema\/person\/0ba313d2a63b3a56031e030bb626f659\"},\"headline\":\"Taxe abri de jardin : quelles conditions ?\",\"datePublished\":\"2020-02-18T09:55:11+00:00\",\"dateModified\":\"2025-12-23T09:09:53+00:00\",\"mainEntityOfPage\":{\"@id\":\"https:\/\/www.atoutloisir.com\/blog\/quelle-taxe-abri-de-jardin\/\"},\"wordCount\":437,\"commentCount\":1,\"publisher\":{\"@id\":\"https:\/\/www.atoutloisir.com\/blog\/#organization\"},\"articleSection\":[\"L\u00e9gislation et fiscalit\u00e9 des abris de jardin\"],\"inLanguage\":\"fr-FR\",\"potentialAction\":[{\"@type\":\"CommentAction\",\"name\":\"Comment\",\"target\":[\"https:\/\/www.atoutloisir.com\/blog\/quelle-taxe-abri-de-jardin\/#respond\"]}]},{\"@type\":\"WebPage\",\"@id\":\"https:\/\/www.atoutloisir.com\/blog\/quelle-taxe-abri-de-jardin\/\",\"url\":\"https:\/\/www.atoutloisir.com\/blog\/quelle-taxe-abri-de-jardin\/\",\"name\":\"Quelles taxes pour les abris de jardin ? Suivez notre guide !\",\"isPartOf\":{\"@id\":\"https:\/\/www.atoutloisir.com\/blog\/#website\"},\"datePublished\":\"2020-02-18T09:55:11+00:00\",\"dateModified\":\"2025-12-23T09:09:53+00:00\",\"description\":\"Appliqu\u00e9e pour les constructions de plus de 5 m\u00b2, la taxe abri de jardin est trop souvent oubli\u00e9e. D\u00e9couvrez les conditions de cette taxe d'am\u00e9nagement.\",\"breadcrumb\":{\"@id\":\"https:\/\/www.atoutloisir.com\/blog\/quelle-taxe-abri-de-jardin\/#breadcrumb\"},\"inLanguage\":\"fr-FR\",\"potentialAction\":[{\"@type\":\"ReadAction\",\"target\":[\"https:\/\/www.atoutloisir.com\/blog\/quelle-taxe-abri-de-jardin\/\"]}]},{\"@type\":\"BreadcrumbList\",\"@id\":\"https:\/\/www.atoutloisir.com\/blog\/quelle-taxe-abri-de-jardin\/#breadcrumb\",\"itemListElement\":[{\"@type\":\"ListItem\",\"position\":1,\"name\":\"Accueil\",\"item\":\"https:\/\/www.atoutloisir.com\/blog\/\"},{\"@type\":\"ListItem\",\"position\":2,\"name\":\"Taxe abri de jardin : quelles conditions ?\"}]},{\"@type\":\"WebSite\",\"@id\":\"https:\/\/www.atoutloisir.com\/blog\/#website\",\"url\":\"https:\/\/www.atoutloisir.com\/blog\/\",\"name\":\"Atout Loisir\",\"description\":\"Vente de mat\u00e9riel de jardinage proposant un grand choix d&#039;abris tunnel, de serres de b\u00e2ches et d&#039;outils pour arroser et entretenir votre jardin.\",\"publisher\":{\"@id\":\"https:\/\/www.atoutloisir.com\/blog\/#organization\"},\"potentialAction\":[{\"@type\":\"SearchAction\",\"target\":{\"@type\":\"EntryPoint\",\"urlTemplate\":\"https:\/\/www.atoutloisir.com\/blog\/?s={search_term_string}\"},\"query-input\":\"required name=search_term_string\"}],\"inLanguage\":\"fr-FR\"},{\"@type\":\"Organization\",\"@id\":\"https:\/\/www.atoutloisir.com\/blog\/#organization\",\"name\":\"Atout Loisir\",\"url\":\"https:\/\/www.atoutloisir.com\/blog\/\",\"logo\":{\"@type\":\"ImageObject\",\"inLanguage\":\"fr-FR\",\"@id\":\"https:\/\/www.atoutloisir.com\/blog\/#\/schema\/logo\/image\/\",\"url\":\"https:\/\/www.atoutloisir.com\/blog\/wp-content\/uploads\/2018\/03\/atoutloisir-logo-1458121127.jpg\",\"contentUrl\":\"https:\/\/www.atoutloisir.com\/blog\/wp-content\/uploads\/2018\/03\/atoutloisir-logo-1458121127.jpg\",\"width\":337,\"height\":58,\"caption\":\"Atout Loisir\"},\"image\":{\"@id\":\"https:\/\/www.atoutloisir.com\/blog\/#\/schema\/logo\/image\/\"},\"sameAs\":[\"https:\/\/www.facebook.com\/atoutloisir\/\"]},{\"@type\":\"Person\",\"@id\":\"https:\/\/www.atoutloisir.com\/blog\/#\/schema\/person\/0ba313d2a63b3a56031e030bb626f659\",\"name\":\"Atout Loisir\"}]}<\/script>\n<!-- \/ Yoast SEO plugin. -->","yoast_head_json":{"title":"Quelles taxes pour les abris de jardin ? Suivez notre guide !","description":"Appliqu\u00e9e pour les constructions de plus de 5 m\u00b2, la taxe abri de jardin est trop souvent oubli\u00e9e. D\u00e9couvrez les conditions de cette taxe d'am\u00e9nagement.","robots":{"index":"index","follow":"follow","max-snippet":"max-snippet:-1","max-image-preview":"max-image-preview:large","max-video-preview":"max-video-preview:-1"},"canonical":"https:\/\/www.atoutloisir.com\/blog\/quelle-taxe-abri-de-jardin\/","og_locale":"fr_FR","og_type":"article","og_title":"Quelles taxes pour les abris de jardin ? Suivez notre guide !","og_description":"Appliqu\u00e9e pour les constructions de plus de 5 m\u00b2, la taxe abri de jardin est trop souvent oubli\u00e9e. D\u00e9couvrez les conditions de cette taxe d'am\u00e9nagement.","og_url":"https:\/\/www.atoutloisir.com\/blog\/quelle-taxe-abri-de-jardin\/","og_site_name":"Atout Loisir","article_publisher":"https:\/\/www.facebook.com\/atoutloisir\/","article_published_time":"2020-02-18T09:55:11+00:00","article_modified_time":"2025-12-23T09:09:53+00:00","og_image":[{"width":2560,"height":1939,"url":"https:\/\/www.atoutloisir.com\/blog\/wp-content\/uploads\/2020\/02\/S8384-scaled.jpg","type":"image\/jpeg"}],"author":"Atout Loisir","twitter_card":"summary_large_image","twitter_misc":{"\u00c9crit par":"Atout Loisir","Dur\u00e9e de lecture estim\u00e9e":"3 minutes"},"schema":{"@context":"https:\/\/schema.org","@graph":[{"@type":"Article","@id":"https:\/\/www.atoutloisir.com\/blog\/quelle-taxe-abri-de-jardin\/#article","isPartOf":{"@id":"https:\/\/www.atoutloisir.com\/blog\/quelle-taxe-abri-de-jardin\/"},"author":{"name":"Atout Loisir","@id":"https:\/\/www.atoutloisir.com\/blog\/#\/schema\/person\/0ba313d2a63b3a56031e030bb626f659"},"headline":"Taxe abri de jardin : quelles conditions ?","datePublished":"2020-02-18T09:55:11+00:00","dateModified":"2025-12-23T09:09:53+00:00","mainEntityOfPage":{"@id":"https:\/\/www.atoutloisir.com\/blog\/quelle-taxe-abri-de-jardin\/"},"wordCount":437,"commentCount":1,"publisher":{"@id":"https:\/\/www.atoutloisir.com\/blog\/#organization"},"articleSection":["L\u00e9gislation et fiscalit\u00e9 des abris de jardin"],"inLanguage":"fr-FR","potentialAction":[{"@type":"CommentAction","name":"Comment","target":["https:\/\/www.atoutloisir.com\/blog\/quelle-taxe-abri-de-jardin\/#respond"]}]},{"@type":"WebPage","@id":"https:\/\/www.atoutloisir.com\/blog\/quelle-taxe-abri-de-jardin\/","url":"https:\/\/www.atoutloisir.com\/blog\/quelle-taxe-abri-de-jardin\/","name":"Quelles taxes pour les abris de jardin ? Suivez notre guide !","isPartOf":{"@id":"https:\/\/www.atoutloisir.com\/blog\/#website"},"datePublished":"2020-02-18T09:55:11+00:00","dateModified":"2025-12-23T09:09:53+00:00","description":"Appliqu\u00e9e pour les constructions de plus de 5 m\u00b2, la taxe abri de jardin est trop souvent oubli\u00e9e. D\u00e9couvrez les conditions de cette taxe d'am\u00e9nagement.","breadcrumb":{"@id":"https:\/\/www.atoutloisir.com\/blog\/quelle-taxe-abri-de-jardin\/#breadcrumb"},"inLanguage":"fr-FR","potentialAction":[{"@type":"ReadAction","target":["https:\/\/www.atoutloisir.com\/blog\/quelle-taxe-abri-de-jardin\/"]}]},{"@type":"BreadcrumbList","@id":"https:\/\/www.atoutloisir.com\/blog\/quelle-taxe-abri-de-jardin\/#breadcrumb","itemListElement":[{"@type":"ListItem","position":1,"name":"Accueil","item":"https:\/\/www.atoutloisir.com\/blog\/"},{"@type":"ListItem","position":2,"name":"Taxe abri de jardin : quelles conditions ?"}]},{"@type":"WebSite","@id":"https:\/\/www.atoutloisir.com\/blog\/#website","url":"https:\/\/www.atoutloisir.com\/blog\/","name":"Atout Loisir","description":"Vente de mat\u00e9riel de jardinage proposant un grand choix d&#039;abris tunnel, de serres de b\u00e2ches et d&#039;outils pour arroser et entretenir votre jardin.","publisher":{"@id":"https:\/\/www.atoutloisir.com\/blog\/#organization"},"potentialAction":[{"@type":"SearchAction","target":{"@type":"EntryPoint","urlTemplate":"https:\/\/www.atoutloisir.com\/blog\/?s={search_term_string}"},"query-input":"required name=search_term_string"}],"inLanguage":"fr-FR"},{"@type":"Organization","@id":"https:\/\/www.atoutloisir.com\/blog\/#organization","name":"Atout Loisir","url":"https:\/\/www.atoutloisir.com\/blog\/","logo":{"@type":"ImageObject","inLanguage":"fr-FR","@id":"https:\/\/www.atoutloisir.com\/blog\/#\/schema\/logo\/image\/","url":"https:\/\/www.atoutloisir.com\/blog\/wp-content\/uploads\/2018\/03\/atoutloisir-logo-1458121127.jpg","contentUrl":"https:\/\/www.atoutloisir.com\/blog\/wp-content\/uploads\/2018\/03\/atoutloisir-logo-1458121127.jpg","width":337,"height":58,"caption":"Atout Loisir"},"image":{"@id":"https:\/\/www.atoutloisir.com\/blog\/#\/schema\/logo\/image\/"},"sameAs":["https:\/\/www.facebook.com\/atoutloisir\/"]},{"@type":"Person","@id":"https:\/\/www.atoutloisir.com\/blog\/#\/schema\/person\/0ba313d2a63b3a56031e030bb626f659","name":"Atout Loisir"}]}},"_links":{"self":[{"href":"https:\/\/www.atoutloisir.com\/blog\/wp-json\/wp\/v2\/posts\/2750"}],"collection":[{"href":"https:\/\/www.atoutloisir.com\/blog\/wp-json\/wp\/v2\/posts"}],"about":[{"href":"https:\/\/www.atoutloisir.com\/blog\/wp-json\/wp\/v2\/types\/post"}],"author":[{"embeddable":true,"href":"https:\/\/www.atoutloisir.com\/blog\/wp-json\/wp\/v2\/users\/5"}],"replies":[{"embeddable":true,"href":"https:\/\/www.atoutloisir.com\/blog\/wp-json\/wp\/v2\/comments?post=2750"}],"version-history":[{"count":20,"href":"https:\/\/www.atoutloisir.com\/blog\/wp-json\/wp\/v2\/posts\/2750\/revisions"}],"predecessor-version":[{"id":10437,"href":"https:\/\/www.atoutloisir.com\/blog\/wp-json\/wp\/v2\/posts\/2750\/revisions\/10437"}],"wp:featuredmedia":[{"embeddable":true,"href":"https:\/\/www.atoutloisir.com\/blog\/wp-json\/wp\/v2\/media\/2765"}],"wp:attachment":[{"href":"https:\/\/www.atoutloisir.com\/blog\/wp-json\/wp\/v2\/media?parent=2750"}],"wp:term":[{"taxonomy":"category","embeddable":true,"href":"https:\/\/www.atoutloisir.com\/blog\/wp-json\/wp\/v2\/categories?post=2750"},{"taxonomy":"post_tag","embeddable":true,"href":"https:\/\/www.atoutloisir.com\/blog\/wp-json\/wp\/v2\/tags?post=2750"}],"curies":[{"name":"wp","href":"https:\/\/api.w.org\/{rel}","templated":true}]}}